{"id":90425,"date":"2024-03-23T00:51:09","date_gmt":"2024-03-23T00:51:09","guid":{"rendered":"http:\/\/noticiastelered.com\/PortalDNoticias\/?p=90425"},"modified":"2024-03-23T00:51:10","modified_gmt":"2024-03-23T00:51:10","slug":"muestra-yahleel-musculo-politico-con-multitudinaria-concentracion","status":"publish","type":"post","link":"http:\/\/noticiastelered.com\/PortalDNoticias\/muestra-yahleel-musculo-politico-con-multitudinaria-concentracion\/","title":{"rendered":"Muestra Yahleel m\u00fasculo pol\u00edtico con multitudinaria concentraci\u00f3n"},"content":{"rendered":"\n<figure class=\"wp-block-image size-large\"><img decoding=\"async\" loading=\"lazy\" width=\"1024\" height=\"682\" src=\"http:\/\/noticiastelered.com\/PortalDNoticias\/wp-content\/uploads\/2024\/03\/7617cd42-aaae-4f1a-ad8e-9884443570b4-1-1024x682.jpg\" class=\"wp-image-90424\"\/><\/figure>\n\n\n\n<p>Nuevo Laredo, Tamaulipas, 22 de marzo de 2024.\u2014La ceremonia de registro de Yahleel Abdala ante el IETAM, la tarde de este mi\u00e9rcoles, fue un evento que atrajo la atenci\u00f3n de la comunidad, no s\u00f3lo porque se perfila como la favorita en la contienda por la Presidencia Municipal de esta ciudad, sino por la respuesta que tuvo por parte de la ciudadan\u00eda.<br>Lo que ha sorprendido a muchos observadores es la notable concentraci\u00f3n y respaldo manifestado por la militancia y simpatizantes del PAN y del PRI que, juntos, como un solo partido, buscar\u00e1n rescatar lo que consideran de su propiedad: El bienestar de los habitantes.<br>La alianza \u201cFuerza y Coraz\u00f3n por M\u00e9xico\u201d, conformada por ambos institutos pol\u00edticos, ha demostrado un impresionante m\u00fasculo pol\u00edtico, reflejado en la respuesta generalizada de la gente que se congreg\u00f3 en la esquina de Guanajuato y Reforma, afuera de las oficinas del Consejo Estatal Electoral, para presenciar este hito en la historia pol\u00edtica de esta frontera.<br>El acontecimiento por s\u00ed mismo marca el inicio de una campa\u00f1a que promete ser vibrante y llena de propuestas, con Yahleel Abdala liderando la alianza que busca representar y responder a las necesidades de la comunidad, su comunidad.<\/p>\n\n\n\n<p><\/p>\n","protected":false},"excerpt":{"rendered":"<p>Nuevo Laredo, Tamaulipas, 22 de marzo de 2024.\u2014La ceremonia de registro de Yahleel Abdala ante el IETAM, la tarde de este mi\u00e9rcoles, fue un evento que atrajo la atenci\u00f3n de la comunidad, no s\u00f3lo porque se perfila como la favorita [&hellip;]<\/p>\n","protected":false},"author":7,"featured_media":0,"comment_status":"open","ping_status":"open","sticky":false,"template":"","format":"standard","meta":[],"categories":[1],"tags":[],"_links":{"self":[{"href":"http:\/\/noticiastelered.com\/PortalDNoticias\/wp-json\/wp\/v2\/posts\/90425"}],"collection":[{"href":"http:\/\/noticiastelered.com\/PortalDNoticias\/wp-json\/wp\/v2\/posts"}],"about":[{"href":"http:\/\/noticiastelered.com\/PortalDNoticias\/wp-json\/wp\/v2\/types\/post"}],"author":[{"embeddable":true,"href":"http:\/\/noticiastelered.com\/PortalDNoticias\/wp-json\/wp\/v2\/users\/7"}],"replies":[{"embeddable":true,"href":"http:\/\/noticiastelered.com\/PortalDNoticias\/wp-json\/wp\/v2\/comments?post=90425"}],"version-history":[{"count":1,"href":"http:\/\/noticiastelered.com\/PortalDNoticias\/wp-json\/wp\/v2\/posts\/90425\/revisions"}],"predecessor-version":[{"id":90426,"href":"http:\/\/noticiastelered.com\/PortalDNoticias\/wp-json\/wp\/v2\/posts\/90425\/revisions\/90426"}],"wp:attachment":[{"href":"http:\/\/noticiastelered.com\/PortalDNoticias\/wp-json\/wp\/v2\/media?parent=90425"}],"wp:term":[{"taxonomy":"category","embeddable":true,"href":"http:\/\/noticiastelered.com\/PortalDNoticias\/wp-json\/wp\/v2\/categories?post=90425"},{"taxonomy":"post_tag","embeddable":true,"href":"http:\/\/noticiastelered.com\/PortalDNoticias\/wp-json\/wp\/v2\/tags?post=90425"}],"curies":[{"name":"wp","href":"https:\/\/api.w.org\/{rel}","templated":true}]}}