{"id":90412,"date":"2024-03-22T22:35:55","date_gmt":"2024-03-22T22:35:55","guid":{"rendered":"http:\/\/noticiastelered.com\/PortalDNoticias\/?p=90412"},"modified":"2024-03-22T22:35:56","modified_gmt":"2024-03-22T22:35:56","slug":"comunicado-de-prensa-5","status":"publish","type":"post","link":"http:\/\/noticiastelered.com\/PortalDNoticias\/comunicado-de-prensa-5\/","title":{"rendered":"COMUNICADO DE PRENSA"},"content":{"rendered":"\n<p>MILITAR DESERTOR DEL 16\u00ba REGIMIENTO DE CABALLERIA ACUSADO DE HOMICIDIO ENFRENTARA PRUEBAS EN SU CONTRA POR PARTE DE FGR <\/p>\n\n\n\n<figure class=\"wp-block-image size-large\"><img decoding=\"async\" loading=\"lazy\" width=\"1024\" height=\"521\" src=\"http:\/\/noticiastelered.com\/PortalDNoticias\/wp-content\/uploads\/2024\/03\/9ec6f826-936b-4c97-988a-1d2689736aae-1-1024x521.jpg\" class=\"wp-image-90411\"\/><\/figure>\n\n\n\n<p>Nuevo Laredo, Tamaulipas, a 21 de Marzo del 2024.- En una audiencia programada para iniciar a las 11:45 horas del pr\u00f3ximo lunes 25 a realizarse en el Centro Federal de Justicia Penal con sede en Reynosa, Tamaulipas, el ex militar Jos\u00e9 Mar\u00eda Ort\u00edz M\u00ednquiz deber\u00e1 enfrentar una serie de pruebas que la Fiscal\u00eda General de la Rep\u00fablica (FGR) presentar\u00e1 en su contra por el delito de Homicidio Calificado en agravio del neolaredense Javier Flores del \u00c1ngel y Lesiones Calificadas de tres civiles sobrevivientes m\u00e1s, dentro de la Causa Penal 37\/2022. <\/p>\n\n\n\n<p>El imputado Jos\u00e9 Mar\u00eda M\u00ednquiz Ort\u00edz, actualmente se encuentra preso en el Centro Federal de Readaptaci\u00f3n Social n\u00famero 18 ubicado en Ramos Arispe, Coahuila pertenec\u00eda al 16\u00ba Regimiento de Caballer\u00eda Motorizada cuando dispar\u00f3 cobardemente al veh\u00edculo en donde se trasladaban la v\u00edctima mortal Javier Flores del \u00c1ngel y los j\u00f3venes DANIEL ALFONSO, JOS\u00c9 LUIS y OSVALDO MISAEL.<\/p>\n\n\n\n<p>Otro militar que tambi\u00e9n particip\u00f3 en estos mismos hechos fue identificado como RANULFO CITAL\u00c1N MART\u00cdNEZ, quien tambi\u00e9n desert\u00f3 al 16\u00ba Regimiento de Caballer\u00eda Motorizada \u201cpor \u00f3rdenes de sus superiores\u201d para evitar su detenci\u00f3n y actualmente anda pr\u00f3fugo, ocult\u00e1ndose en diferentes domicilios en los estados de Chiapas, Veracruz y Puebla.<\/p>\n\n\n\n<p>La ejecuci\u00f3n extrajudicial del se\u00f1or Javier Flores del \u00c1ngel, as\u00ed como las lesiones que sufrieron tres v\u00edctimas sobrevivientes de nombres Daniel Alfonso, Jos\u00e9 Luis y Oswaldo Misael, ocurrieron la noche del domingo 7 de febrero del 2021 en el crucero de Cerro de la Silla y Cerro de las \u00c1guilas, del fraccionamiento Colinas del Sur en Nuevo Laredo.<\/p>\n\n\n\n<p>Inicialmente la Secretar\u00eda de la Defensa Nacional \u201canunci\u00f3\u201d el abatimiento de una persona del sexo masculino y la detenci\u00f3n de otros tres \u201cc\u00f3mplices\u201d pertenecientes al crimen organizado que habr\u00edan agredido a personal militar con armas de fuego, cuando en realidad los j\u00f3venes habr\u00edan salido a comprar cerveza a un negocio cercano y fueron acribillados cobardemente por un grupo de militares.<\/p>\n\n\n\n<p>Sin embargo, evidencias obtenidas por sus abogados, las declaraciones de los testigos sobrevivientes y peritajes de la Fiscal\u00eda General de la Rep\u00fablica demostraron que los militares del XVI Regimiento de Caballer\u00eda Motorizada habr\u00edan falseado la informaci\u00f3n oficial, sembraron evidencias y cayeron en contradicciones, ordenando un Juez de Control la liberaci\u00f3n de los detenidos y el inicio de una Carpeta de Investigaci\u00f3n en contra del personal militar, pasando los j\u00f3venes de imputados a v\u00edctimas.<\/p>\n\n\n\n<p>ENCUBREN A MANDOS SUPERIORES<\/p>\n\n\n\n<p>A pesar que las investigaciones de la Fiscal\u00eda General de la Rep\u00fablica permitieron ubicar a los militares JOS\u00c9 MAR\u00cdA \u201cN\u201d y RANULFO \u201cN\u201d como los soldados que dispararon sus armas en contra de los cuatro j\u00f3venes que se trasladaban en un autom\u00f3vil tipo Honda, el comandante responsable del operativo, el Teniente de Caballer\u00eda Alejandro Morales Leyva nunca fue imputado por el delito de encubrimiento.<\/p>\n\n\n\n<p>Este militar habr\u00eda sido quien orden\u00f3 a los soldados bajo su mando sembrarles un fusil tipo Ak 47 y varios cargadores para justificar la supuesta agresi\u00f3n que fueron objeto, as\u00ed como de negarles atenci\u00f3n m\u00e9dica a la v\u00edctima mortal y a los tres j\u00f3venes sobrevivientes. Tambi\u00e9n el teniente Leyva asegur\u00f3 a la FGR mediante un Informe Policial Homologado que las v\u00edctimas los habr\u00edan agredido con armas de fuego, informaci\u00f3n que al final de las investigaciones result\u00f3 falsa.<\/p>\n\n\n\n<p>De acuerdo con versiones period\u00edsticas, el 27 septiembre del 2020 el teniente de Caballer\u00eda, Alejandro Morales Leyva estuvo involucrado en la muerte \u201caccidental\u201d del cabo Leonel Felipe P\u00e9rez Garc\u00eda, quien habr\u00eda recibido un disparo por la espalda cuando realizaba patrullajes terrestres en un veh\u00edculo oficial de la Secretar\u00eda de la Defensa Nacional.<\/p>\n\n\n\n<p>RECOMENDACI\u00d3N DE LA CNDH\u2026INCUMPLIDA<\/p>\n\n\n\n<p>Por estos hechos la Comisi\u00f3n Nacional de los Derechos Humanos (CNDH) emiti\u00f3 la Recomendaci\u00f3n 71VG\/2022, de fecha 30 de septiembre del mismo a\u00f1o, cuyo seguimiento y cumplimiento desconocen las v\u00edctimas y sus familiares, pues hasta la fecha no han recibido la indemnizaci\u00f3n correspondiente por parte de la Comisi\u00f3n Ejecutiva de Atenci\u00f3n a V\u00edctimas (CEAV).<\/p>\n","protected":false},"excerpt":{"rendered":"<p>MILITAR DESERTOR DEL 16\u00ba REGIMIENTO DE CABALLERIA ACUSADO DE HOMICIDIO ENFRENTARA PRUEBAS EN SU CONTRA POR PARTE DE FGR Nuevo Laredo, Tamaulipas, a 21 de Marzo del 2024.- En una audiencia programada para iniciar a las 11:45 horas del pr\u00f3ximo [&hellip;]<\/p>\n","protected":false},"author":7,"featured_media":0,"comment_status":"open","ping_status":"open","sticky":false,"template":"","format":"standard","meta":[],"categories":[1],"tags":[],"_links":{"self":[{"href":"http:\/\/noticiastelered.com\/PortalDNoticias\/wp-json\/wp\/v2\/posts\/90412"}],"collection":[{"href":"http:\/\/noticiastelered.com\/PortalDNoticias\/wp-json\/wp\/v2\/posts"}],"about":[{"href":"http:\/\/noticiastelered.com\/PortalDNoticias\/wp-json\/wp\/v2\/types\/post"}],"author":[{"embeddable":true,"href":"http:\/\/noticiastelered.com\/PortalDNoticias\/wp-json\/wp\/v2\/users\/7"}],"replies":[{"embeddable":true,"href":"http:\/\/noticiastelered.com\/PortalDNoticias\/wp-json\/wp\/v2\/comments?post=90412"}],"version-history":[{"count":1,"href":"http:\/\/noticiastelered.com\/PortalDNoticias\/wp-json\/wp\/v2\/posts\/90412\/revisions"}],"predecessor-version":[{"id":90413,"href":"http:\/\/noticiastelered.com\/PortalDNoticias\/wp-json\/wp\/v2\/posts\/90412\/revisions\/90413"}],"wp:attachment":[{"href":"http:\/\/noticiastelered.com\/PortalDNoticias\/wp-json\/wp\/v2\/media?parent=90412"}],"wp:term":[{"taxonomy":"category","embeddable":true,"href":"http:\/\/noticiastelered.com\/PortalDNoticias\/wp-json\/wp\/v2\/categories?post=90412"},{"taxonomy":"post_tag","embeddable":true,"href":"http:\/\/noticiastelered.com\/PortalDNoticias\/wp-json\/wp\/v2\/tags?post=90412"}],"curies":[{"name":"wp","href":"https:\/\/api.w.org\/{rel}","templated":true}]}}