{"id":90314,"date":"2024-03-21T03:34:04","date_gmt":"2024-03-21T03:34:04","guid":{"rendered":"http:\/\/noticiastelered.com\/PortalDNoticias\/?p=90314"},"modified":"2024-03-21T03:34:06","modified_gmt":"2024-03-21T03:34:06","slug":"quiero-darle-a-nuevo-laredo-el-futuro-que-merece-yahleel-abdala-la-abanderada-de-la-alianza-pan-pri-se-registro-ante-el-consejo-estatal-electoral-de-nuevo-laredo-y-aseguro-que-nuevo-laredo-merece-g","status":"publish","type":"post","link":"http:\/\/noticiastelered.com\/PortalDNoticias\/quiero-darle-a-nuevo-laredo-el-futuro-que-merece-yahleel-abdala-la-abanderada-de-la-alianza-pan-pri-se-registro-ante-el-consejo-estatal-electoral-de-nuevo-laredo-y-aseguro-que-nuevo-laredo-merece-g\/","title":{"rendered":"Quiero darle a Nuevo Laredo el futuro que merece: Yahleel Abdala &#8211; La abanderada de la alianza PAN-PRI se registr\u00f3 ante el Consejo Estatal Electoral de Nuevo Laredo y asegur\u00f3 que Nuevo Laredo merece gobiernos que vivan aqu\u00ed y que entienda a la ciudadan\u00eda"},"content":{"rendered":"\n<figure class=\"wp-block-image size-large\"><img decoding=\"async\" loading=\"lazy\" width=\"1024\" height=\"683\" src=\"http:\/\/noticiastelered.com\/PortalDNoticias\/wp-content\/uploads\/2024\/03\/05258125-ff87-434d-94f0-4f2baf0fc470-1-1024x683.jpg\" class=\"wp-image-90313\"\/><\/figure>\n\n\n\n<p>NUEVO LAREDO, Tam.- En un acto multitudinario que congreg\u00f3 a ciudadanos de todos los rincones de la ciudad, Yahleel Abdala Carmona formaliz\u00f3 su registro como candidata a la Presidencia Municipal por la alianza \u201cFuerza y Coraz\u00f3n por M\u00e9xico\u201d, ante el Consejo Municipal Electoral de Nuevo Laredo, que preside C\u00e9sar Eugenio Hern\u00e1ndez Ancona.<\/p>\n\n\n\n<p>Acompa\u00f1ada de su compa\u00f1era de f\u00f3rmula y suplente en esta candidatura, Laura Teresa Z\u00e1rate Quezada, y dem\u00e1s aspirantes a diputados locales e integrantes de su planilla, la abanderada del PAN y PRI agradeci\u00f3 a \u201cmujeres y hombres valientes y comprometidos con su ciudad\u201d, que a pesar de la lluvia salieron de sus casas para acompa\u00f1arla en este registro.<\/p>\n\n\n\n<p>\u201cHoy me presento ante ustedes como una ciudadana que quiere lo mejor para su ciudad, que quiere trabajar para darle el futuro que esta ciudad merece, es momento de dejar a un lado los partidos porque esto se trata de ustedes, de sus sue\u00f1os, de Nuevo Laredo, esta alianza demuestra el verdadero compromiso y amor profundo que tenemos por Nuevo Laredo, y esta es la alianza ganadora\u201d, enfatiz\u00f3 Yahleel Abdala.<\/p>\n\n\n\n<p>Asegur\u00f3 que la ciudad requiere de un gobierno cercano a la gente, que entienda y que viva aqu\u00ed, \u201cya estamos hartos de los que gobiernan desde Laredo, Texas, a m\u00ed s\u00ed me duele esta ciudad, porque la conozco y s\u00e9 lo que es quedarse sin agua y al igual que a ustedes se nos ponchan las llantas porque no les dan mantenimiento a las calles\u201d, dijo.<br \/>Fustig\u00f3 severamente al gobierno municipal por tener abandonado a Nuevo Laredo, por robarse el presupuesto, por mentirle diariamente a la ciudadan\u00eda, por inflar los costos de las obras.<\/p>\n\n\n\n<p>\u201cNo se vale que a los ciudadanos que piensan diferente les digan que no ladren, mucha gente me dice que el gobierno no les hace caso, estoy aqu\u00ed YA porque Nuevo Laredo necesita una verdadera aliada, porque no puedo seguir permitiendo que se lucre, que sean insensibles con la necesidad ciudadana, estoy aqu\u00ed YA porque es el momento de demostrar que hay gente buena y diferente, que lo \u00fanico que nos interesa es que le vaya bien a Nuevo Laredo, si caminamos de la mano de Dios seremos m\u00e1s que vencedores\u201d, concluy\u00f3.<\/p>\n\n\n\n<p>PLANILLA GANADORA<br \/>La lista de la planilla de integrantes del Cabildo qued\u00f3 de la siguiente manera:<br \/>Primer s\u00edndico: Cosme Mante Mu\u00f1oz. Suplente, Alberto Dami\u00e1n Soto Cort\u00e9s.<br \/>Segundo s\u00edndico: Adriana Cristina Garc\u00eda Sanmiguel. Suplente, Mar\u00eda Jos\u00e9 Montes Silva.<br \/>Primer regidor: F\u00e9lix Fernando Garc\u00eda Aguiar. Suplente, Alfonso Peredo Ramos.<br \/>Segundo regidor: Delia Cort\u00e9s Benavides. Suplente, Paula Gramer Villina.<br \/>Tercer regidor: Edgardo Pedraza Quintanilla. Suplente, El\u00edas Guajardo Garza.<br \/>Cuarto regidor: Alma Rosa Casta\u00f1o Rodr\u00edguez. Suplente, Soraya Argelia Contreras Mart\u00ednez.<br \/>Quinto regidor: Gamaliel Alberto Infante Ram\u00edrez. Suplente, Joel D\u00edaz Rodr\u00edguez.<br \/>Sexto regidor: Leticia Barrera Garza. Suplente, Ilse Selena Valenzuela Ramos.<br \/>S\u00e9ptimo regidor: Fernando Castillo. Suplente, Israel M\u00e9ndez Hern\u00e1ndez.<br \/>Octavo regidor: Adriana Contreras Vriagas. Suplente, Lorena Hern\u00e1ndez Mart\u00ednez.<br \/>Noveno regidor: Mario Alberto Estrada Garc\u00eda. Suplente, Jos\u00e9 Angel Santill\u00e1n P\u00e9rez.<br \/>D\u00e9cimo regidor: Anay Ant\u00fanez Elizalde. Suplente, Ana Eugenia Quintanilla P\u00e9rez.<br \/>D\u00e9cimo primer regidor: David Ojeda Posada. Suplente, Luis Enrique D\u00e1vila Gonz\u00e1lez.<br \/>D\u00e9cimo segundo regidor: Baudelia Ju\u00e1rez Garc\u00eda. Suplente, Mildred Karina Bracamontes Miramontes.<br \/>D\u00e9cimo tercer regidor: V\u00edctor Manuel Vergara Mart\u00ednez. Suplente, Jes\u00fas F\u00e9lix Monzon Rodr\u00edguez.<br \/>D\u00e9cimo cuarto regidor: Laura Teresa Valdez Covarrubias. Suplente, Elizabeth Velazco M\u00e9ndez.<\/p>\n","protected":false},"excerpt":{"rendered":"<p>NUEVO LAREDO, Tam.- En un acto multitudinario que congreg\u00f3 a ciudadanos de todos los rincones de la ciudad, Yahleel Abdala Carmona formaliz\u00f3 su registro como candidata a la Presidencia Municipal por la alianza \u201cFuerza y Coraz\u00f3n por M\u00e9xico\u201d, ante el [&hellip;]<\/p>\n","protected":false},"author":7,"featured_media":0,"comment_status":"open","ping_status":"open","sticky":false,"template":"","format":"standard","meta":[],"categories":[1],"tags":[],"_links":{"self":[{"href":"http:\/\/noticiastelered.com\/PortalDNoticias\/wp-json\/wp\/v2\/posts\/90314"}],"collection":[{"href":"http:\/\/noticiastelered.com\/PortalDNoticias\/wp-json\/wp\/v2\/posts"}],"about":[{"href":"http:\/\/noticiastelered.com\/PortalDNoticias\/wp-json\/wp\/v2\/types\/post"}],"author":[{"embeddable":true,"href":"http:\/\/noticiastelered.com\/PortalDNoticias\/wp-json\/wp\/v2\/users\/7"}],"replies":[{"embeddable":true,"href":"http:\/\/noticiastelered.com\/PortalDNoticias\/wp-json\/wp\/v2\/comments?post=90314"}],"version-history":[{"count":1,"href":"http:\/\/noticiastelered.com\/PortalDNoticias\/wp-json\/wp\/v2\/posts\/90314\/revisions"}],"predecessor-version":[{"id":90315,"href":"http:\/\/noticiastelered.com\/PortalDNoticias\/wp-json\/wp\/v2\/posts\/90314\/revisions\/90315"}],"wp:attachment":[{"href":"http:\/\/noticiastelered.com\/PortalDNoticias\/wp-json\/wp\/v2\/media?parent=90314"}],"wp:term":[{"taxonomy":"category","embeddable":true,"href":"http:\/\/noticiastelered.com\/PortalDNoticias\/wp-json\/wp\/v2\/categories?post=90314"},{"taxonomy":"post_tag","embeddable":true,"href":"http:\/\/noticiastelered.com\/PortalDNoticias\/wp-json\/wp\/v2\/tags?post=90314"}],"curies":[{"name":"wp","href":"https:\/\/api.w.org\/{rel}","templated":true}]}}