{"id":89752,"date":"2024-03-14T01:58:12","date_gmt":"2024-03-14T01:58:12","guid":{"rendered":"http:\/\/noticiastelered.com\/PortalDNoticias\/?p=89752"},"modified":"2024-03-14T01:58:13","modified_gmt":"2024-03-14T01:58:13","slug":"joven-que-agredio-a-mujeres-en-marcha-pide-6-millones-de-pesos-para-recuperar-su-moto","status":"publish","type":"post","link":"http:\/\/noticiastelered.com\/PortalDNoticias\/joven-que-agredio-a-mujeres-en-marcha-pide-6-millones-de-pesos-para-recuperar-su-moto\/","title":{"rendered":"Joven que agredi\u00f3 a mujeres en marcha pide 6 millones de pesos para recuperar su moto"},"content":{"rendered":"<p>Ciudad de M\u00e9xico. \u2013  Abraham Presilla el hombre que estuvo involucrado en hechos violentos en las pasadas marchas del D\u00eda Internacional de la Mujer, pidi\u00f3 ayuda para recuperar su motocicleta que se encuentra retenida y para pagar una fianza.<\/p>\n<p>\u201cHola, buenas noches, es Abraham Presilla. Hago este video para comunicarles, hacerles saber que estoy bien. No tengo ninguna lesi\u00f3n seria (&#8230;) no han venido a amenazarme, gracias a Dios, a donde yo vivo. Este es el video de comunicado para hacerles saber que en donde yo voy a estar subiendo los videos es el lugar en donde voy a estar aceptando los apoyos econ\u00f3micos\u201d, expres\u00f3 en su cuenta de Youtube.<\/p>\n<p>El joven tambi\u00e9n abri\u00f3 una cuenta en el sitio GoFundMe donde busca recaudar 380 mil d\u00f3lares, que en pesos mexicanos son alrededor de 6 millones 384 mil pesos.<\/p>\n<p>Ah\u00ed explic\u00f3 que fue lo ocurrido durante las marchas del pasado 8 de marzo en la Ciudad de M\u00e9xico.<\/p>\n<p>Presilla refiere que \u00e9l se dirig\u00eda a su casa con su moto apagada para evitar cualquier molestia, cuando las agresiones de algunas mujeres lo alteraron, motivo por el cual \u00e9l se vio en la necesidad de responder.<\/p>\n<p>\u201cToda la situaci\u00f3n se comienza a tensar cuando un grupo de personas empieza a gritarme, otras solo me insultan por gusto, cantan &#8220;fuera hombres&#8221; pero refiri\u00e9ndose solo a m\u00ed (cuando en la marcha hab\u00eda varios hombres) mientras yo trataba de explicar que una se hab\u00eda llevado mis llaves y que solo quer\u00eda recuperarlas para seguir mi camino y marcharme cuanto antes.<\/p>\n<p>\u201cAh\u00ed me empiezan a encerrar, y decido marcharme sin llaves, pues total empujar mi moto hasta mi casa o al menos hasta salirme de ah\u00ed es mejor idea que quedarme un solo segundo m\u00e1s, pero noto que ni siquiera me est\u00e1n dejando ir, (a pesar que me ped\u00edan a gritos que me fuera) me retienen la moto, no hay ning\u00fan espacio por el que pueda avanzar, me preocupo sobre mis pertenencias y seguridad y todo se detona cuando varias de ellas comienzan a agredirme f\u00edsicamente, punto donde me veo amenazado y en necesidad de responder de vuelta para actuar en leg\u00edtima defensa\u201d, se lee en el texto.<\/p>\n<p>Tambi\u00e9n, cont\u00f3 que perdi\u00f3 todas sus pertenencias, entre ellas su casco, mochila, lector electr\u00f3nico, libro de historia griega, una cadena de plata, adem\u00e1s de que su moto qued\u00f3 completamente vandalizada.<\/p>\n<p>&#8220;Varias personas me consideran enemigo p\u00fablico n\u00famero uno, mi futuro laboral es incierto (me impiden laborar sin dar m\u00e1s explicaciones y rindiendo declaraciones falsas sobre m\u00ed) y la conmoci\u00f3n de lo ocurrido todav\u00eda persiste\u201d, recalc\u00f3.<\/p>\n<p><!-- \/wp:paragraph --><\/p>\n<p><!-- Composite Start --><\/p>\n<div id=\"M240110ScriptRootC290005\">\n<div id=\"M240110PreloadC290005\"> Loading&#8230;<\/div>\n<p><script> (function(){ var D=new Date(),d=document,b='body',ce='createElement',ac='appendChild',st='style',ds='display',n='none',gi='getElementById',lp=d.location.protocol,wp=lp.indexOf('http')==0?lp:'https:'; var i=d[ce]('iframe');i[st][ds]=n;d[gi](\"M240110ScriptRootC290005\")[ac](i);try{var iw=i.contentWindow.document;iw.open();iw.writeln(\"<ht\"+\"ml><bo\"+\"dy><\/bo\"+\"dy><\/ht\"+\"ml>\");iw.close();var c=iw[b];} catch(e){var iw=d;var c=d[gi](\"M240110ScriptRootC290005\");}var dv=iw[ce]('div');dv.id=\"MG_ID\";dv[st][ds]=n;dv.innerHTML=290005;c[ac](dv); var s=iw[ce]('script');s.async='async';s.defer='defer';s.charset='utf-8';s.src=wp+\"\/\/jsc.mgid.com\/n\/o\/noticiastelered.com.290005.js?t=\"+D.getYear()+D.getMonth()+D.getUTCDate()+D.getUTCHours();c[ac](s);})(); <\/script><\/p>\n<\/div>\n<p><!-- Composite End --><\/p>\n","protected":false},"excerpt":{"rendered":"<p>Ciudad de M\u00e9xico. \u2013 Abraham Presilla el hombre que estuvo involucrado en hechos violentos en las pasadas marchas del D\u00eda Internacional de la Mujer, pidi\u00f3 ayuda para recuperar su motocicleta que se encuentra retenida y para pagar una fianza. \u201cHola, [&hellip;]<\/p>\n","protected":false},"author":2,"featured_media":89755,"comment_status":"open","ping_status":"open","sticky":false,"template":"","format":"standard","meta":[],"categories":[60],"tags":[],"_links":{"self":[{"href":"http:\/\/noticiastelered.com\/PortalDNoticias\/wp-json\/wp\/v2\/posts\/89752"}],"collection":[{"href":"http:\/\/noticiastelered.com\/PortalDNoticias\/wp-json\/wp\/v2\/posts"}],"about":[{"href":"http:\/\/noticiastelered.com\/PortalDNoticias\/wp-json\/wp\/v2\/types\/post"}],"author":[{"embeddable":true,"href":"http:\/\/noticiastelered.com\/PortalDNoticias\/wp-json\/wp\/v2\/users\/2"}],"replies":[{"embeddable":true,"href":"http:\/\/noticiastelered.com\/PortalDNoticias\/wp-json\/wp\/v2\/comments?post=89752"}],"version-history":[{"count":1,"href":"http:\/\/noticiastelered.com\/PortalDNoticias\/wp-json\/wp\/v2\/posts\/89752\/revisions"}],"predecessor-version":[{"id":89756,"href":"http:\/\/noticiastelered.com\/PortalDNoticias\/wp-json\/wp\/v2\/posts\/89752\/revisions\/89756"}],"wp:featuredmedia":[{"embeddable":true,"href":"http:\/\/noticiastelered.com\/PortalDNoticias\/wp-json\/wp\/v2\/media\/89755"}],"wp:attachment":[{"href":"http:\/\/noticiastelered.com\/PortalDNoticias\/wp-json\/wp\/v2\/media?parent=89752"}],"wp:term":[{"taxonomy":"category","embeddable":true,"href":"http:\/\/noticiastelered.com\/PortalDNoticias\/wp-json\/wp\/v2\/categories?post=89752"},{"taxonomy":"post_tag","embeddable":true,"href":"http:\/\/noticiastelered.com\/PortalDNoticias\/wp-json\/wp\/v2\/tags?post=89752"}],"curies":[{"name":"wp","href":"https:\/\/api.w.org\/{rel}","templated":true}]}}