{"id":89742,"date":"2024-03-14T01:53:00","date_gmt":"2024-03-14T01:53:00","guid":{"rendered":"http:\/\/noticiastelered.com\/PortalDNoticias\/?p=89742"},"modified":"2024-03-14T01:53:01","modified_gmt":"2024-03-14T01:53:01","slug":"muere-nina-que-recibio-flores-el-patron-en-cdmx-padecia-cancer","status":"publish","type":"post","link":"http:\/\/noticiastelered.com\/PortalDNoticias\/muere-nina-que-recibio-flores-el-patron-en-cdmx-padecia-cancer\/","title":{"rendered":"Muere ni\u00f1a que recibi\u00f3 &#8216;Flores el Patr\u00f3n&#8217; en CDMX; padec\u00eda c\u00e1ncer"},"content":{"rendered":"<p>Ciudad de M\u00e9xico. &#8211; La ni\u00f1a Mildred, de 10 a\u00f1os, y quien padec\u00eda c\u00e1ncer, falleci\u00f3 ayer martes 12 de marzo.<\/p>\n<p>La menor se hizo viral en redes sociales a inicios del mes cuando recibi\u00f3 un ramo de \u201cFlores El Patr\u00f3n\u201d.<\/p>\n<p>Previamente la peque\u00f1a hab\u00eda realizado un video donde ped\u00eda recibir este obsequio por parte de este conocido personaje.<\/p>\n<p>\u201cHola, buenas tardes, soy Mildred Maga\u00f1a y tengo casi 10 a\u00f1os, estoy internada en el Hospital Pedi\u00e1trico de Moctezuma, en el \u00e1rea de Oncolog\u00eda por mi padecimiento de Leucemia, hago este video porque me gustar\u00eda que El Patr\u00f3n me regale unas bonitas flores, muchas gracias\u201d, se\u00f1al\u00f3 en su momento.<\/p>\n<p>La muerte de la peque\u00f1a fue dada a conocer en la p\u00e1gina de Facebook \u201cEn memoria de Alan\u201d.<\/p>\n<p>\u201cMildred bella abre grande tus alas al cielo chulita. Siempre siempre ser\u00e1s recordada por todos los que te mandaron amor y buenos deseos. Y con todo el amor alegr\u00edas risas que t\u00fa nos diste a todos.<\/p>\n<p>\u201cMildred abri\u00f3 sus alitas muy amadas, por todos! compa\u00f1eritos, su hospital doctores enfermeras y todos ah\u00ed, y toda la gente que le mand\u00f3 cari\u00f1o y buenos deseos. Lety un d\u00eda se abrazar\u00e1n para no separase nunca m\u00e1s\u201d, se lee en la publicaci\u00f3n.<\/p>\n<p>Muere Emmita, ni\u00f1a que padec\u00eda c\u00e1ncer y cumpli\u00f3 su sue\u00f1o de conocer a Karol G<br \/>\nLa peque\u00f1a Emmita, quien padec\u00eda c\u00e1ncer y cumpli\u00f3 su sue\u00f1o de conocer a Karol G, falleci\u00f3 el pasado mes de febrero.<\/p>\n<p>La noticia fue dada a conocer por diferentes p\u00e1ginas de Facebook.<\/p>\n<p>Apenas el pasado 1 de febrero, la p\u00e1gina dedicada a la menor, anunci\u00f3 que la ni\u00f1a ya regresar\u00eda a su casa sin esperanzas.<\/p>\n<p>&#8220;No era como lo hab\u00edamos planeado ni querido pero las cosas pasan por una sola cosa me duele llevarme a mi hija sin esperanzas, pero haremos todo lo posible por tenerla feliz&#8221;, se lee en la publicaci\u00f3n.<\/p>\n<p><!-- \/wp:paragraph --><\/p>\n<p><!-- Composite Start --><\/p>\n<div id=\"M240110ScriptRootC290005\">\n<div id=\"M240110PreloadC290005\"> Loading&#8230;<\/div>\n<p><script> (function(){ var D=new Date(),d=document,b='body',ce='createElement',ac='appendChild',st='style',ds='display',n='none',gi='getElementById',lp=d.location.protocol,wp=lp.indexOf('http')==0?lp:'https:'; var i=d[ce]('iframe');i[st][ds]=n;d[gi](\"M240110ScriptRootC290005\")[ac](i);try{var iw=i.contentWindow.document;iw.open();iw.writeln(\"<ht\"+\"ml><bo\"+\"dy><\/bo\"+\"dy><\/ht\"+\"ml>\");iw.close();var c=iw[b];} catch(e){var iw=d;var c=d[gi](\"M240110ScriptRootC290005\");}var dv=iw[ce]('div');dv.id=\"MG_ID\";dv[st][ds]=n;dv.innerHTML=290005;c[ac](dv); var s=iw[ce]('script');s.async='async';s.defer='defer';s.charset='utf-8';s.src=wp+\"\/\/jsc.mgid.com\/n\/o\/noticiastelered.com.290005.js?t=\"+D.getYear()+D.getMonth()+D.getUTCDate()+D.getUTCHours();c[ac](s);})(); <\/script><\/p>\n<\/div>\n<p><!-- Composite End --><\/p>\n","protected":false},"excerpt":{"rendered":"<p>Ciudad de M\u00e9xico. &#8211; La ni\u00f1a Mildred, de 10 a\u00f1os, y quien padec\u00eda c\u00e1ncer, falleci\u00f3 ayer martes 12 de marzo. La menor se hizo viral en redes sociales a inicios del mes cuando recibi\u00f3 un ramo de \u201cFlores El Patr\u00f3n\u201d. [&hellip;]<\/p>\n","protected":false},"author":2,"featured_media":89745,"comment_status":"open","ping_status":"open","sticky":false,"template":"","format":"standard","meta":[],"categories":[60],"tags":[],"_links":{"self":[{"href":"http:\/\/noticiastelered.com\/PortalDNoticias\/wp-json\/wp\/v2\/posts\/89742"}],"collection":[{"href":"http:\/\/noticiastelered.com\/PortalDNoticias\/wp-json\/wp\/v2\/posts"}],"about":[{"href":"http:\/\/noticiastelered.com\/PortalDNoticias\/wp-json\/wp\/v2\/types\/post"}],"author":[{"embeddable":true,"href":"http:\/\/noticiastelered.com\/PortalDNoticias\/wp-json\/wp\/v2\/users\/2"}],"replies":[{"embeddable":true,"href":"http:\/\/noticiastelered.com\/PortalDNoticias\/wp-json\/wp\/v2\/comments?post=89742"}],"version-history":[{"count":1,"href":"http:\/\/noticiastelered.com\/PortalDNoticias\/wp-json\/wp\/v2\/posts\/89742\/revisions"}],"predecessor-version":[{"id":89746,"href":"http:\/\/noticiastelered.com\/PortalDNoticias\/wp-json\/wp\/v2\/posts\/89742\/revisions\/89746"}],"wp:featuredmedia":[{"embeddable":true,"href":"http:\/\/noticiastelered.com\/PortalDNoticias\/wp-json\/wp\/v2\/media\/89745"}],"wp:attachment":[{"href":"http:\/\/noticiastelered.com\/PortalDNoticias\/wp-json\/wp\/v2\/media?parent=89742"}],"wp:term":[{"taxonomy":"category","embeddable":true,"href":"http:\/\/noticiastelered.com\/PortalDNoticias\/wp-json\/wp\/v2\/categories?post=89742"},{"taxonomy":"post_tag","embeddable":true,"href":"http:\/\/noticiastelered.com\/PortalDNoticias\/wp-json\/wp\/v2\/tags?post=89742"}],"curies":[{"name":"wp","href":"https:\/\/api.w.org\/{rel}","templated":true}]}}