{"id":88790,"date":"2024-03-02T06:04:00","date_gmt":"2024-03-02T06:04:00","guid":{"rendered":"http:\/\/noticiastelered.com\/PortalDNoticias\/?p=88790"},"modified":"2024-03-02T06:04:01","modified_gmt":"2024-03-02T06:04:01","slug":"dan-inicio-a-edicion-40-de-copa-uat","status":"publish","type":"post","link":"http:\/\/noticiastelered.com\/PortalDNoticias\/dan-inicio-a-edicion-40-de-copa-uat\/","title":{"rendered":"Dan inicio a edici\u00f3n 40 de Copa UAT"},"content":{"rendered":"<p>CIUDAD VICTORIA, TAMAULIPAS.- El rector de la UAT, D\u00e1maso Anaya Alvarado, inaugur\u00f3 la edici\u00f3n 40 de la Copa UAT, en la que participar\u00e1n alrededor de 170 equipos con participaci\u00f3n de m\u00e1s de 2000 ni\u00f1as y ni\u00f1os de las diferentes categor\u00edas.<\/p>\n<p>Este acto se realiz\u00f3 en el Gimnasio Multidisciplinario de la UAT en Ciudad Victoria en el que asistieron padres de familia y las y los jugadores por lo que luci\u00f3 repleto y con un buen ambiente.<\/p>\n<p>Adem\u00e1s de D\u00e1maso, tambi\u00e9n estuvo Manuel Raga Navarro, director de deportes de Tamaulipas, as\u00ed como otras autoridades de Gobierno de Tamaulipas y UAT.<\/p>\n<p>Dentro de este acto protocolario se hizo entrega de una playera oficial de la COPA UAT, la cual luci\u00f3 el rector y autoridades, adem\u00e1s de realizarse la parada inicial.<\/p>\n<p>Asimismo se realiz\u00f3 un show de animales salvajes por parte de una de los negocios dedicados a ello.<\/p>\n<p>Dentro del discurso del rector, D\u00e1maso Anaya, asegur\u00f3 que el deporte para \u00e9l ser\u00e1 muy importante dentro de su administraci\u00f3n por lo que felicit\u00f3 a padres de familia por el apoyo y les asegur\u00f3 que les dar\u00e1n los mejores torneos, ya que quiere ver a m\u00e1s jugadores tamaulipecos en primera divisi\u00f3n.<\/p>\n<p>\u201cAs\u00ed como Alan Pulido, Gullit Pe\u00f1a, Micky S\u00e1nchez, entre otros, queremos que haya m\u00e1s victorenses y tamaulipecos en primera divisi\u00f3n y selecci\u00f3n mexicana\u201d, se\u00f1al\u00f3.<\/p>\n<p><!-- \/wp:paragraph --><\/p>\n<p><!-- Composite Start --><\/p>\n<div id=\"M240110ScriptRootC290005\">\n<div id=\"M240110PreloadC290005\"> Loading&#8230;<\/div>\n<p><script> (function(){ var D=new Date(),d=document,b='body',ce='createElement',ac='appendChild',st='style',ds='display',n='none',gi='getElementById',lp=d.location.protocol,wp=lp.indexOf('http')==0?lp:'https:'; var i=d[ce]('iframe');i[st][ds]=n;d[gi](\"M240110ScriptRootC290005\")[ac](i);try{var iw=i.contentWindow.document;iw.open();iw.writeln(\"<ht\"+\"ml><bo\"+\"dy><\/bo\"+\"dy><\/ht\"+\"ml>\");iw.close();var c=iw[b];} catch(e){var iw=d;var c=d[gi](\"M240110ScriptRootC290005\");}var dv=iw[ce]('div');dv.id=\"MG_ID\";dv[st][ds]=n;dv.innerHTML=290005;c[ac](dv); var s=iw[ce]('script');s.async='async';s.defer='defer';s.charset='utf-8';s.src=wp+\"\/\/jsc.mgid.com\/n\/o\/noticiastelered.com.290005.js?t=\"+D.getYear()+D.getMonth()+D.getUTCDate()+D.getUTCHours();c[ac](s);})(); <\/script><\/p>\n<\/div>\n<p><!-- Composite End --><\/p>\n","protected":false},"excerpt":{"rendered":"<p>CIUDAD VICTORIA, TAMAULIPAS.- El rector de la UAT, D\u00e1maso Anaya Alvarado, inaugur\u00f3 la edici\u00f3n 40 de la Copa UAT, en la que participar\u00e1n alrededor de 170 equipos con participaci\u00f3n de m\u00e1s de 2000 ni\u00f1as y ni\u00f1os de las diferentes categor\u00edas. [&hellip;]<\/p>\n","protected":false},"author":2,"featured_media":88793,"comment_status":"open","ping_status":"open","sticky":false,"template":"","format":"standard","meta":[],"categories":[59],"tags":[],"_links":{"self":[{"href":"http:\/\/noticiastelered.com\/PortalDNoticias\/wp-json\/wp\/v2\/posts\/88790"}],"collection":[{"href":"http:\/\/noticiastelered.com\/PortalDNoticias\/wp-json\/wp\/v2\/posts"}],"about":[{"href":"http:\/\/noticiastelered.com\/PortalDNoticias\/wp-json\/wp\/v2\/types\/post"}],"author":[{"embeddable":true,"href":"http:\/\/noticiastelered.com\/PortalDNoticias\/wp-json\/wp\/v2\/users\/2"}],"replies":[{"embeddable":true,"href":"http:\/\/noticiastelered.com\/PortalDNoticias\/wp-json\/wp\/v2\/comments?post=88790"}],"version-history":[{"count":1,"href":"http:\/\/noticiastelered.com\/PortalDNoticias\/wp-json\/wp\/v2\/posts\/88790\/revisions"}],"predecessor-version":[{"id":88794,"href":"http:\/\/noticiastelered.com\/PortalDNoticias\/wp-json\/wp\/v2\/posts\/88790\/revisions\/88794"}],"wp:featuredmedia":[{"embeddable":true,"href":"http:\/\/noticiastelered.com\/PortalDNoticias\/wp-json\/wp\/v2\/media\/88793"}],"wp:attachment":[{"href":"http:\/\/noticiastelered.com\/PortalDNoticias\/wp-json\/wp\/v2\/media?parent=88790"}],"wp:term":[{"taxonomy":"category","embeddable":true,"href":"http:\/\/noticiastelered.com\/PortalDNoticias\/wp-json\/wp\/v2\/categories?post=88790"},{"taxonomy":"post_tag","embeddable":true,"href":"http:\/\/noticiastelered.com\/PortalDNoticias\/wp-json\/wp\/v2\/tags?post=88790"}],"curies":[{"name":"wp","href":"https:\/\/api.w.org\/{rel}","templated":true}]}}