{"id":88782,"date":"2024-03-01T20:16:39","date_gmt":"2024-03-01T20:16:39","guid":{"rendered":"http:\/\/noticiastelered.com\/PortalDNoticias\/?p=88782"},"modified":"2024-03-01T20:16:51","modified_gmt":"2024-03-01T20:16:51","slug":"nina-de-12-anos-y-padre-de-familia-desempleado-las-nuevas-victimas-de-la-guardia-nacional-en-nuevo-laredo","status":"publish","type":"post","link":"http:\/\/noticiastelered.com\/PortalDNoticias\/nina-de-12-anos-y-padre-de-familia-desempleado-las-nuevas-victimas-de-la-guardia-nacional-en-nuevo-laredo\/","title":{"rendered":"Ni\u00f1a de 12 a\u00f1os y Padre de Familia desempleado, las nuevas v\u00edctimas de la Guardia Nacional en Nuevo Laredo"},"content":{"rendered":"\n<figure class=\"wp-block-image size-large\"><img decoding=\"async\" loading=\"lazy\" width=\"300\" height=\"225\" src=\"http:\/\/noticiastelered.com\/PortalDNoticias\/wp-content\/uploads\/2024\/03\/06df82ca-680a-4fa1-88b2-7d41a631040f-1-300x225.jpg\" class=\"wp-image-88781\"\/><\/figure>\n\n\n\n<p>Nuevo Laredo, Tamaulipas, a 01 de Marzo del 2024.- El Comit\u00e9 de Derechos Humanos de Nuevo Laredo ha presentado quejas formales y denuncias penales en la Comisi\u00f3n Nacional de los Derechos Humanos (CNDH) y ante la Fiscal\u00eda General de Justicia del Estado, respectivamente, para que se investigue a personal de la Guardia Nacional (GN), como probables responsables de la muerte arbitraria de un padre de familia y heridas por arma de fuego de jovencita de 12 a\u00f1os de nombre Mariana.<\/p>\n\n\n\n<p>De acuerdo con informaci\u00f3n proporcionada por familiares de las v\u00edctimas, poco antes del mediod\u00eda del pasado viernes 19 de enero del 2024, un hombre identificado como Hugo se dirig\u00eda a la empresa Cattle And Poultry ubicada en el kil\u00f3metro 188-300 de la carretera federal Nuevo Laredo-Monterrey para una entrevista de trabajo, pues desde hac\u00eda dos semanas se encontraba sin empleo y necesita alimentar a su familia.<\/p>\n\n\n\n<p>La v\u00edctima y dos personas m\u00e1s se trasladaban en una camioneta Nissan Urvan propiedad de la empresa Cattle And Pultry conducida por un operador de nombre Jos\u00e9 Antonio en direcci\u00f3n de norte a sur. Al cruzar la caseta del Instituto Nacional de Migraci\u00f3n (INM) ubicada en el kil\u00f3metro 26, comenzaron a escuchar disparos de arma de fuego y uno de los proyectiles se incrust\u00f3 en la parte posterior de la cabeza del se\u00f1or Hugo, muriendo de manera instant\u00e1nea.<\/p>\n\n\n\n<p>En este lugar se encontraban elementos de la Guardia Nacional aparentemente enfrentando a civiles armados, a unos cien metros de distancia y en el carril opuesto a donde circulaba la camioneta Nissan Urvan. Adem\u00e1s, un video que circula en redes sociales se aprecia que en la v\u00eda por donde cruz\u00f3 el transporte de personal solamente estaban elementos de la Guardia Nacional y no los supuestos agresores civiles. Se presume que fueron los propios Guardias Nacionales quienes ocasionaron la muerte de uno de sus compa\u00f1eros y tambi\u00e9n atentaron contra la vida del se\u00f1or Hugo.<\/p>\n\n\n\n<p>Por estos hechos, la Comisi\u00f3n Nacional de los Derechos Humanos inici\u00f3 el Expediente de Queja CNDH\/2\/2024\/1531\/Q, a petici\u00f3n de la viuda de Hugo, as\u00ed mismo se present\u00f3 una querella formal en la Agencia del Ministerio P\u00fablico de Procedimiento Penal Acusatorio Adscrita a la Unidad General de Investigaci\u00f3n N\u00famero 3, inici\u00e1ndose la Carpeta de Investigaci\u00f3n 022\/2024, para que se investigue la responsabilidad de elementos de la Guardia Nacional en este homicidio doloso.<\/p>\n\n\n\n<p>Hugo ten\u00eda 35 a\u00f1os de edad, era originario de Orizaba, Veracruz y formaba una familia con su esposa y una hija menor de edad, habitando un domicilio humilde en la colonia Buenavista de Nuevo Laredo. Abogados del Comit\u00e9 de Derechos Humanos siguen aportando evidencias y testimonios al Ministerio P\u00fablico toda vez que las investigaciones realizadas al inicio estaban encaminadas a proteger al personal de la Guardia Nacional para deslindarlos de responsabilidad en la muerte arbitraria del se\u00f1or Hugo.<\/p>\n\n\n\n<p>FABIANA FUE HERIDA DE BALA POR GUARDIAS NACIONALES MIENTRAS AYUDABA A SU HERMANO ATENDIENDO UN PUESTO DE TACOS<\/p>\n\n\n\n<p>Luis Orlando Fabian, un joven que atiende un puesto de comida \u201cLonches Blanca\u201d denunci\u00f3 ante el Comit\u00e9 de Derechos Humanos que su hermanita Mariana, de 12 a\u00f1os, fue lesionada cuando elementos de la Guardia Nacional persegu\u00edan a balazos a un veh\u00edculo conducido por civiles a la altura del centro comercial Smart Universidad, al poniente de Nuevo Laredo.<\/p>\n\n\n\n<p>Esta agresi\u00f3n ocurri\u00f3 aproximadamente a las 17:09 horas del 29 de diciembre del 2023 y la ni\u00f1a fue trasladada de urgencia al Hospital Laredo para que la atendieran de una herida de bala que presentaba en su pierna derecha.<\/p>\n\n\n\n<p>\u201cEsa tarde yo estaba trabajando de cocinero en mi puesto cuando escuchamos detonaciones y nos tiramos al piso, luego mi hermana comenz\u00f3 a llorar y a gritar que sent\u00eda muy caliente su p\u00ede derecho entonces la cargu\u00e9 y nos refugiamos en una empresa de tr\u00e1ileres hasta que pasaron los balazos y entonces pedimos ayuda\u201d, explic\u00f3 Luis Orlando ante personal del Comit\u00e9 de Derechos Humanos.<\/p>\n\n\n\n<p>El testimonio de Luis Orlando ante la Fiscal\u00eda General de la Rep\u00fablica (FGR) refiere que observ\u00f3 al personal de la Guardia Nacional accionando sus armas de fuegos, pero no alcanz\u00f3 a ver a quienes le disparaban, pues en todo momento intentaron ponerse a salvo de las balas.<\/p>\n\n\n\n<p>Hasta el momento la familia de Mariana ha gastado casi 20 mil pesos en atenci\u00f3n m\u00e9dica y de hospital, pero todav\u00eda requieren recursos econ\u00f3micos para su tratamiento de rehabilitaci\u00f3n, as\u00ed como atenci\u00f3n sicol\u00f3gica que hasta el momento no ha recibido de parte de las autoridades. Por esta agresi\u00f3n a la ni\u00f1a Fabiana se inici\u00f3 el expediente de queja CNDH\/2\/2024\/690\/Q.<\/p>\n\n\n\n<p>Las agresiones con arma de fuego a civiles comunes por parte de integrantes de fuerzas armadas (Ej\u00e9rcito Mexicano y Guardia Nacional) se han incrementado de manera alarmante en esta ciudad por la violaci\u00f3n constante a la Ley Nacional Sobre el Uso de la Fuerza y la negativa de la Comisi\u00f3n Nacional de los Derechos Humanos (CNDH) para emitir Medidas Cautelares en favor de la poblaci\u00f3n de Nuevo Laredo.<\/p>\n","protected":false},"excerpt":{"rendered":"<p>Nuevo Laredo, Tamaulipas, a 01 de Marzo del 2024.- El Comit\u00e9 de Derechos Humanos de Nuevo Laredo ha presentado quejas formales y denuncias penales en la Comisi\u00f3n Nacional de los Derechos Humanos (CNDH) y ante la Fiscal\u00eda General de Justicia [&hellip;]<\/p>\n","protected":false},"author":7,"featured_media":0,"comment_status":"open","ping_status":"open","sticky":false,"template":"","format":"standard","meta":[],"categories":[1],"tags":[],"_links":{"self":[{"href":"http:\/\/noticiastelered.com\/PortalDNoticias\/wp-json\/wp\/v2\/posts\/88782"}],"collection":[{"href":"http:\/\/noticiastelered.com\/PortalDNoticias\/wp-json\/wp\/v2\/posts"}],"about":[{"href":"http:\/\/noticiastelered.com\/PortalDNoticias\/wp-json\/wp\/v2\/types\/post"}],"author":[{"embeddable":true,"href":"http:\/\/noticiastelered.com\/PortalDNoticias\/wp-json\/wp\/v2\/users\/7"}],"replies":[{"embeddable":true,"href":"http:\/\/noticiastelered.com\/PortalDNoticias\/wp-json\/wp\/v2\/comments?post=88782"}],"version-history":[{"count":1,"href":"http:\/\/noticiastelered.com\/PortalDNoticias\/wp-json\/wp\/v2\/posts\/88782\/revisions"}],"predecessor-version":[{"id":88783,"href":"http:\/\/noticiastelered.com\/PortalDNoticias\/wp-json\/wp\/v2\/posts\/88782\/revisions\/88783"}],"wp:attachment":[{"href":"http:\/\/noticiastelered.com\/PortalDNoticias\/wp-json\/wp\/v2\/media?parent=88782"}],"wp:term":[{"taxonomy":"category","embeddable":true,"href":"http:\/\/noticiastelered.com\/PortalDNoticias\/wp-json\/wp\/v2\/categories?post=88782"},{"taxonomy":"post_tag","embeddable":true,"href":"http:\/\/noticiastelered.com\/PortalDNoticias\/wp-json\/wp\/v2\/tags?post=88782"}],"curies":[{"name":"wp","href":"https:\/\/api.w.org\/{rel}","templated":true}]}}