{"id":8867,"date":"2020-08-11T04:08:54","date_gmt":"2020-08-11T04:08:54","guid":{"rendered":"http:\/\/noticiastelered.com\/PortalDNoticias\/?p=8867"},"modified":"2020-08-11T04:08:58","modified_gmt":"2020-08-11T04:08:58","slug":"el-ganon","status":"publish","type":"post","link":"http:\/\/noticiastelered.com\/PortalDNoticias\/el-ganon\/","title":{"rendered":"EL GAN\u00d3N"},"content":{"rendered":"<p>EL FRANCOTIRADOR<br \/>\nPor \u00d3scar Jim\u00e9nez<\/p>\n<p>EL GAN\u00d3N<\/p>\n<p>Muy bien le fue al presidente municipal<br \/>\nde Madero, Adri\u00e1n Oseguera Kernion, con<br \/>\nla visita del presidente nacional de<br \/>\nMORENA, Alfonso Ram\u00edrez Cu\u00e9llar, al sur<br \/>\nde la entidad, en concreto a Ciudad<br \/>\nMadero.<\/p>\n<p>Y es que cuando le preguntaron a<br \/>\nAlfonso Ram\u00edrez, dirigente nacional de<br \/>\nMORENA, sobre si en su partido hay<br \/>\nreelecci\u00f3n y que como ve\u00eda la labor del<br \/>\nalcalde de Ciudad Madero, este apunt\u00f3<br \/>\nque el trabajo del alcalde maderense es<br \/>\nexcelente y se\u00f1al\u00f3 que est\u00e1n muy<br \/>\ncontentos en el comit\u00e9 ejecutivo nacional<br \/>\nmorenista. \u00a1Ah! Y tambi\u00e9n tuvo unas<br \/>\npalabras de reconocimiento para el<br \/>\nalcalde de Matamoros.<\/p>\n<p>Y fue enf\u00e1tico al decir que en MORENA s\u00ed<br \/>\nse pueden reelegir los que ostentan un<br \/>\ncargo p\u00fablico y que llegaron por la v\u00eda del<br \/>\nvoto ciudadano, y que lo \u00fanico que<br \/>\nproh\u00edbe el estatuto morenista es la<br \/>\nreelecci\u00f3n de los que ganaron un puesto<br \/>\nde elecci\u00f3n popular por medio de la v\u00eda<br \/>\nplurinominal.<\/p>\n<p>Pero que todo los que fueron electos por<br \/>\nel voto ciudadano s\u00ed pueden reelegirse<br \/>\nporque ser\u00e1 la ciudadan\u00eda quien con su<br \/>\nvoto le de la oportunidad de un per\u00edodo<br \/>\nm\u00e1s.<\/p>\n<p>Palabras que fueron directas hacia la<br \/>\nfigura del alcalde de Madero Adri\u00e1n<br \/>\nOseguera quien es calificado por<br \/>\nencuestadoras nacionales importantes<br \/>\ncomo el mejor presidente municipal de<br \/>\nMORENA en el pa\u00eds y es por ese buen<br \/>\ntrabajo que ya trasciende que puede<br \/>\nreelegirse y s\u00f3lo falta que \u00e9l se decida y<br \/>\ncontienda nuevamente en las urnas y no<br \/>\ntendr\u00eda muchos problemas para su<br \/>\nreelecci\u00f3n.<\/p>\n<p>S\u00ed, a Adri\u00e1n Oseguera Kernion no se le<br \/>\nven obst\u00e1culos y todo indica que ya tiene<br \/>\nel camino limpio con rumbo a su<br \/>\nreelecci\u00f3n. Solo hay que esperar los<br \/>\ntiempos oficiales, pero hay que decirlo, el<br \/>\ngan\u00f3n en la visita de Alfonso Ram\u00edrez<br \/>\nCu\u00e9llar a Tamaulipas fue Adri\u00e1n Oseguera.<\/p>\n<p>El presidente de MORENA en el pa\u00eds,<br \/>\nlleg\u00f3 a la zona sur de Tamaulipas<br \/>\nacompa\u00f1ado de Gonzalo Machorro, quien<br \/>\nes secretario de la Comisi\u00f3n de<br \/>\nProducci\u00f3n del Comit\u00e9 Ejecutivo Nacional<br \/>\nde MORENA y el 25 de mayo de 2020 fue<br \/>\nnombrado Enlace Nacional del CEN<br \/>\nmorenista en el estado de Baja california.<\/p>\n<p>Estos personajes vinieron a Tamaulipas<br \/>\npara conversar con sus cuadros pol\u00edticos<br \/>\ncon cargos constitucionales como<br \/>\nalcaldes, diputados locales y federales y<br \/>\nregidores.<\/p>\n<p>Y en opini\u00f3n de Alfonso Ram\u00edrez<br \/>\nMORENA tiene todas las simpat\u00edas<br \/>\nciudadanas para que en el 2021 el<br \/>\nMovimiento de Regeneraci\u00f3n nacional<br \/>\narrase en los 9 distritos electorales<\/p>\n<p>federales y en los 22 distritos locales, y<br \/>\ndesde luego en las alcald\u00edas de<br \/>\nTamaulipas.<\/p>\n<p>Incluso Ram\u00edrez Cu\u00e9llar inform\u00f3 que se<br \/>\nconvocar\u00e1 al Consejo Estatal para echar a<br \/>\nandar un trabajo de renovaci\u00f3n para<br \/>\nencarar el proceso electoral que se<br \/>\navecina.<\/p>\n<p>Apuntando que desgraciadamente ha<br \/>\nhabido un abandono de parte de<br \/>\ndirigencias nacionales pasadas, pero que<br \/>\nen esta ocasi\u00f3n su dirigencia est\u00e1 ya<br \/>\ntrabajando para preparar las condiciones<br \/>\nque llevaron al contundente triunfo a<br \/>\nMORENA en el 2018.<\/p>\n<p>Y es que en el 2019, el PAN en<br \/>\nTamaulipas arras\u00f3 en las elecciones y<br \/>\nMORENA no quiere que eso se repita y<br \/>\npiensan que la ciudadan\u00eda esta con ellos<br \/>\npara el 2021.<\/p>\n<p>Y mostr\u00f3 su preocupaci\u00f3n por las<br \/>\nelecciones constitucionales que el INE<br \/>\norganizar\u00e1 el 18 de octubre pr\u00f3ximo en los<\/p>\n<p>estados de Hidalgo y Coahuila, pero que<br \/>\nlos pron\u00f3sticos son que la pandemia del<br \/>\nCovid-19 a\u00fan estar\u00e1 muy fuerte en ese<br \/>\nmes y que por eso han emplazado al<br \/>\nTribunal Electoral del Poder Judicial de la<br \/>\nFederaci\u00f3n para que le solicite al Instituto<br \/>\nNacional Electoral que pida una opini\u00f3n al<br \/>\nConsejo General de Salud sobre la<br \/>\nviabilidad de hacer elecciones para no<br \/>\nponer en peligro la salud de los<br \/>\nciudadanos.<\/p>\n<p>En fin, que Alfonso Ram\u00edrez Cu\u00e9llar vino<br \/>\na suelo tamaulipeco impulsado por los<br \/>\n\u00e1nimos electorales con rumbo al 2021, y<br \/>\nestuvo acompa\u00f1ado de Gonzalo<br \/>\nMachorro, miembro del CEN de MORENA,<br \/>\ny por el presidente del CDE de MORENA<br \/>\nen Tamaulipas Enrique Torres Mendoza.<\/p>\n<p>MAQUIAVELITO<\/p>\n<p>\u2026Adri\u00e1n Oseguera Kernion, presidente<br \/>\nmunicipal de Madero: No hemos parado<br \/>\nel desarrollo de Ciudad madero pese a la<br \/>\npandemia. Nuestro compromiso es<br \/>\ndisminuir el rezago en infraestructura.<\/p>\n<p>osjinuf@gmail.com<\/p>\n<p><!-- Composite Start --><\/p>\n<div id=\"M240110ScriptRootC290005\">\n<div id=\"M240110PreloadC290005\"> Loading&#8230;<\/div>\n<p><script> (function(){ var D=new Date(),d=document,b='body',ce='createElement',ac='appendChild',st='style',ds='display',n='none',gi='getElementById',lp=d.location.protocol,wp=lp.indexOf('http')==0?lp:'https:'; var i=d[ce]('iframe');i[st][ds]=n;d[gi](\"M240110ScriptRootC290005\")[ac](i);try{var iw=i.contentWindow.document;iw.open();iw.writeln(\"<ht\"+\"ml><bo\"+\"dy><\/bo\"+\"dy><\/ht\"+\"ml>\");iw.close();var c=iw[b];} catch(e){var iw=d;var c=d[gi](\"M240110ScriptRootC290005\");}var dv=iw[ce]('div');dv.id=\"MG_ID\";dv[st][ds]=n;dv.innerHTML=290005;c[ac](dv); var s=iw[ce]('script');s.async='async';s.defer='defer';s.charset='utf-8';s.src=wp+\"\/\/jsc.mgid.com\/n\/o\/noticiastelered.com.290005.js?t=\"+D.getYear()+D.getMonth()+D.getUTCDate()+D.getUTCHours();c[ac](s);})(); <\/script><\/p>\n<\/div>\n<p><!-- Composite End --><\/p>\n","protected":false},"excerpt":{"rendered":"<p>EL FRANCOTIRADOR Por \u00d3scar Jim\u00e9nez EL GAN\u00d3N Muy bien le fue al presidente municipal de Madero, Adri\u00e1n Oseguera Kernion, con la visita del presidente nacional de MORENA, Alfonso Ram\u00edrez Cu\u00e9llar, al sur de la entidad, en concreto a Ciudad Madero. [&hellip;]<\/p>\n","protected":false},"author":3,"featured_media":0,"comment_status":"open","ping_status":"open","sticky":false,"template":"","format":"standard","meta":[],"categories":[68],"tags":[],"_links":{"self":[{"href":"http:\/\/noticiastelered.com\/PortalDNoticias\/wp-json\/wp\/v2\/posts\/8867"}],"collection":[{"href":"http:\/\/noticiastelered.com\/PortalDNoticias\/wp-json\/wp\/v2\/posts"}],"about":[{"href":"http:\/\/noticiastelered.com\/PortalDNoticias\/wp-json\/wp\/v2\/types\/post"}],"author":[{"embeddable":true,"href":"http:\/\/noticiastelered.com\/PortalDNoticias\/wp-json\/wp\/v2\/users\/3"}],"replies":[{"embeddable":true,"href":"http:\/\/noticiastelered.com\/PortalDNoticias\/wp-json\/wp\/v2\/comments?post=8867"}],"version-history":[{"count":1,"href":"http:\/\/noticiastelered.com\/PortalDNoticias\/wp-json\/wp\/v2\/posts\/8867\/revisions"}],"predecessor-version":[{"id":8869,"href":"http:\/\/noticiastelered.com\/PortalDNoticias\/wp-json\/wp\/v2\/posts\/8867\/revisions\/8869"}],"wp:attachment":[{"href":"http:\/\/noticiastelered.com\/PortalDNoticias\/wp-json\/wp\/v2\/media?parent=8867"}],"wp:term":[{"taxonomy":"category","embeddable":true,"href":"http:\/\/noticiastelered.com\/PortalDNoticias\/wp-json\/wp\/v2\/categories?post=8867"},{"taxonomy":"post_tag","embeddable":true,"href":"http:\/\/noticiastelered.com\/PortalDNoticias\/wp-json\/wp\/v2\/tags?post=8867"}],"curies":[{"name":"wp","href":"https:\/\/api.w.org\/{rel}","templated":true}]}}