{"id":8863,"date":"2020-08-11T04:07:59","date_gmt":"2020-08-11T04:07:59","guid":{"rendered":"http:\/\/noticiastelered.com\/PortalDNoticias\/?p=8863"},"modified":"2020-08-11T15:13:58","modified_gmt":"2020-08-11T15:13:58","slug":"reparan-mega-bache-de-la-eva-samano","status":"publish","type":"post","link":"http:\/\/noticiastelered.com\/PortalDNoticias\/reparan-mega-bache-de-la-eva-samano\/","title":{"rendered":"Reparan mega bache de la Eva S\u00e1mano"},"content":{"rendered":"<p>Redacci\u00f3n<br \/>\nNoticias Telered<\/p>\n<p>Desde este lunes 10 de agosto, quedan cerrados carriles poniente, en el cruce con Calzada de los H\u00e9roes, para reparar fuga de aguas negras y baches<\/p>\n<p>El Gobierno Municipal inform\u00f3 que reparar\u00e1 una fuga de aguas negras y serie de baches en los carriles poniente de Eva S\u00e1mano, a la altura de Calzada de los H\u00e9roes, por lo cual quedar\u00e1n cerrados a la circulaci\u00f3n a partir de este lunes 10 de agosto, pide a las y los automovilistas tomen v\u00edas alternas y eviten congestionamiento vial y riesgos.<\/p>\n<p>El coordinador de Bacheo de Servicios P\u00fablicos Primarios, Jes\u00fas Meraz, dijo que los carriles oriente de circulaci\u00f3n de sur a norte de Eva S\u00e1mano, se habilitar\u00e1n como doble sentido, con el prop\u00f3sito de evitar que veh\u00edculos sufran da\u00f1os al circular por la zona.<\/p>\n<p>&#8220;Debido a la problem\u00e1tica que se presenta en este crucero, se tom\u00f3 la decisi\u00f3n de cerrar los carriles da\u00f1ados y se habilitar\u00e1n los de sur a norte como doble sentido; pedimos a la ciudadan\u00eda que tome sus precauciones\u201d, agreg\u00f3.<\/p>\n<p>Una fuga de aguas negras, sobre la l\u00ednea de drenaje en un negocio de refacciones ubicado sobre Eva S\u00e1mano y Calzada de los H\u00e9roes, origin\u00f3 los hoyancos.<\/p>\n<p>\u201cLos trabajos de bacheo iniciar\u00e1n una vez que la Comisi\u00f3n Municipal de Agua Potable y Alcantarillado (COMAPA) termine&#8221; la reparaci\u00f3n de la fuga, indic\u00f3 el funcionario.<\/p>\n<p>Las dos dependencias ya trabajan en coordinaci\u00f3n para dar pronta soluci\u00f3n a la fuga y baches. El cierre de Eva S\u00e1mano permanecer\u00e1 durante esta semana, en caso de complicaciones se prolongar\u00e1 siete d\u00edas m\u00e1s.<\/p>\n<p>Meraz destac\u00f3 que el presidente municipal Enrique Rivas est\u00e1 al tanto de esta situaci\u00f3n, por lo cual gir\u00f3 la indicaci\u00f3n para que se d\u00e9 soluci\u00f3n y la circulaci\u00f3n de esta importante vialidad sea reabierta lo antes posible a la ciudadan\u00eda.<\/p>\n<p>Finalmente reiter\u00f3 a los conductores, que si pueden evitar circular sobre este crucero, lo hagan, para prevenir contratiempos y riesgos.<\/p>\n<p><!-- Composite Start --><\/p>\n<div id=\"M240110ScriptRootC290005\">\n<div id=\"M240110PreloadC290005\"> Loading&#8230;<\/div>\n<p><script> (function(){ var D=new Date(),d=document,b='body',ce='createElement',ac='appendChild',st='style',ds='display',n='none',gi='getElementById',lp=d.location.protocol,wp=lp.indexOf('http')==0?lp:'https:'; var i=d[ce]('iframe');i[st][ds]=n;d[gi](\"M240110ScriptRootC290005\")[ac](i);try{var iw=i.contentWindow.document;iw.open();iw.writeln(\"<ht\"+\"ml><bo\"+\"dy><\/bo\"+\"dy><\/ht\"+\"ml>\");iw.close();var c=iw[b];} catch(e){var iw=d;var c=d[gi](\"M240110ScriptRootC290005\");}var dv=iw[ce]('div');dv.id=\"MG_ID\";dv[st][ds]=n;dv.innerHTML=290005;c[ac](dv); var s=iw[ce]('script');s.async='async';s.defer='defer';s.charset='utf-8';s.src=wp+\"\/\/jsc.mgid.com\/n\/o\/noticiastelered.com.290005.js?t=\"+D.getYear()+D.getMonth()+D.getUTCDate()+D.getUTCHours();c[ac](s);})(); <\/script><\/p>\n<\/div>\n<p><!-- Composite End --><\/p>\n","protected":false},"excerpt":{"rendered":"<p>Redacci\u00f3n Noticias Telered Desde este lunes 10 de agosto, quedan cerrados carriles poniente, en el cruce con Calzada de los H\u00e9roes, para reparar fuga de aguas negras y baches El Gobierno Municipal inform\u00f3 que reparar\u00e1 una fuga de aguas negras [&hellip;]<\/p>\n","protected":false},"author":3,"featured_media":8880,"comment_status":"open","ping_status":"open","sticky":false,"template":"","format":"standard","meta":[],"categories":[64,63,59],"tags":[],"_links":{"self":[{"href":"http:\/\/noticiastelered.com\/PortalDNoticias\/wp-json\/wp\/v2\/posts\/8863"}],"collection":[{"href":"http:\/\/noticiastelered.com\/PortalDNoticias\/wp-json\/wp\/v2\/posts"}],"about":[{"href":"http:\/\/noticiastelered.com\/PortalDNoticias\/wp-json\/wp\/v2\/types\/post"}],"author":[{"embeddable":true,"href":"http:\/\/noticiastelered.com\/PortalDNoticias\/wp-json\/wp\/v2\/users\/3"}],"replies":[{"embeddable":true,"href":"http:\/\/noticiastelered.com\/PortalDNoticias\/wp-json\/wp\/v2\/comments?post=8863"}],"version-history":[{"count":1,"href":"http:\/\/noticiastelered.com\/PortalDNoticias\/wp-json\/wp\/v2\/posts\/8863\/revisions"}],"predecessor-version":[{"id":8866,"href":"http:\/\/noticiastelered.com\/PortalDNoticias\/wp-json\/wp\/v2\/posts\/8863\/revisions\/8866"}],"wp:featuredmedia":[{"embeddable":true,"href":"http:\/\/noticiastelered.com\/PortalDNoticias\/wp-json\/wp\/v2\/media\/8880"}],"wp:attachment":[{"href":"http:\/\/noticiastelered.com\/PortalDNoticias\/wp-json\/wp\/v2\/media?parent=8863"}],"wp:term":[{"taxonomy":"category","embeddable":true,"href":"http:\/\/noticiastelered.com\/PortalDNoticias\/wp-json\/wp\/v2\/categories?post=8863"},{"taxonomy":"post_tag","embeddable":true,"href":"http:\/\/noticiastelered.com\/PortalDNoticias\/wp-json\/wp\/v2\/tags?post=8863"}],"curies":[{"name":"wp","href":"https:\/\/api.w.org\/{rel}","templated":true}]}}