{"id":88577,"date":"2024-02-27T20:55:51","date_gmt":"2024-02-27T20:55:51","guid":{"rendered":"http:\/\/noticiastelered.com\/PortalDNoticias\/?p=88577"},"modified":"2024-02-27T20:55:52","modified_gmt":"2024-02-27T20:55:52","slug":"ese-a-que-aun-falta-que-ingresen-a-tamaulipas-unos-12-frentes-frios-estos-ya-no-traeran-temperaturas-bajas-extremas","status":"publish","type":"post","link":"http:\/\/noticiastelered.com\/PortalDNoticias\/ese-a-que-aun-falta-que-ingresen-a-tamaulipas-unos-12-frentes-frios-estos-ya-no-traeran-temperaturas-bajas-extremas\/","title":{"rendered":"ese a que a\u00fan falta que ingresen a Tamaulipas unos 12 frentes fr\u00edos, estos ya no traer\u00e1n temperaturas bajas extremas."},"content":{"rendered":"\n<ul>\n<li><a href=\"https:\/\/expreso.press\/2024\/02\/27\/\"><\/a><\/li>\n<\/ul>\n\n\n<p>CIUDAD VICTORIA, TAMAULIPAS.- Los d\u00edas calurosos que se est\u00e1n presentando en Tamaulipas, est\u00e1n siendo ocasionados por una onda anticicl\u00f3nica que no es ola de calor, y que causar\u00e1 dichos efectos por un breve periodo que habr\u00e1 de culminar ma\u00f1ana mi\u00e9rcoles.<\/p>\n<p>Y es que para el d\u00eda jueves un nuevo frente fr\u00edo habr\u00e1 de llegar al estado causando un leve descenso en el term\u00f3metro.<\/p>\n<p>Mientras tanto el clima ser\u00e1 c\u00e1lido con valores de hasta los 40 grados para este d\u00eda y el de ma\u00f1ana, as\u00ed lo expone la agencia informativa \u201cMeteorolog\u00eda Tamaulipas\u201d.<\/p>\n<p>En sus reportes expone las condiciones que este anticicl\u00f3n produce en el ambiente, advirtiendo que es calor t\u00edpico del mes de febrero a\u00fan y cuando seguimos en invierno.<\/p>\n<p>De igual manera detalla como es que para la primera quincena de marzo se esperan algunos eventos frontales que habr\u00e1n de refrescar el ambiente y disipar\u00e1 el calor por tambi\u00e9n breves d\u00edas.<\/p>\n<p>\u201cUn anticicl\u00f3n en la altura es el responsable de este breve periodo c\u00e1lido en la regi\u00f3n.<br>\nCalor t\u00edpico de febrero. No hay ola de calor\u201d.<\/p>\n<p>\u201cA\u00fan se prev\u00e9n ingresos de aire fr\u00edo para finales de mes y durante la primera quincena de marzo\u201d.<\/p>\n<p>En los pron\u00f3sticos a largo plazo se espera la llegada de la primera onda de calor en M\u00e9xico para los \u00faltimos d\u00edas de marzo o los primeros d\u00edas de abril.<\/p>\n<p><!-- Composite Start --><\/p>\n<div id=\"M240110ScriptRootC290005\">\n<div id=\"M240110PreloadC290005\"> Loading&#8230;<\/div>\n<p><script> (function(){ var D=new Date(),d=document,b='body',ce='createElement',ac='appendChild',st='style',ds='display',n='none',gi='getElementById',lp=d.location.protocol,wp=lp.indexOf('http')==0?lp:'https:'; var i=d[ce]('iframe');i[st][ds]=n;d[gi](\"M240110ScriptRootC290005\")[ac](i);try{var iw=i.contentWindow.document;iw.open();iw.writeln(\"<ht\"+\"ml><bo\"+\"dy><\/bo\"+\"dy><\/ht\"+\"ml>\");iw.close();var c=iw[b];} catch(e){var iw=d;var c=d[gi](\"M240110ScriptRootC290005\");}var dv=iw[ce]('div');dv.id=\"MG_ID\";dv[st][ds]=n;dv.innerHTML=290005;c[ac](dv); var s=iw[ce]('script');s.async='async';s.defer='defer';s.charset='utf-8';s.src=wp+\"\/\/jsc.mgid.com\/n\/o\/noticiastelered.com.290005.js?t=\"+D.getYear()+D.getMonth()+D.getUTCDate()+D.getUTCHours();c[ac](s);})(); <\/script><\/p><\/div>","protected":false},"excerpt":{"rendered":"<p>CIUDAD VICTORIA, TAMAULIPAS.- Los d\u00edas calurosos que se est\u00e1n presentando en Tamaulipas, est\u00e1n siendo ocasionados por una onda anticicl\u00f3nica que no es ola de calor, y que causar\u00e1 dichos efectos por un breve periodo que habr\u00e1 de culminar ma\u00f1ana mi\u00e9rcoles. [&hellip;]<\/p>\n","protected":false},"author":2,"featured_media":88581,"comment_status":"open","ping_status":"open","sticky":false,"template":"","format":"standard","meta":[],"categories":[59],"tags":[],"_links":{"self":[{"href":"http:\/\/noticiastelered.com\/PortalDNoticias\/wp-json\/wp\/v2\/posts\/88577"}],"collection":[{"href":"http:\/\/noticiastelered.com\/PortalDNoticias\/wp-json\/wp\/v2\/posts"}],"about":[{"href":"http:\/\/noticiastelered.com\/PortalDNoticias\/wp-json\/wp\/v2\/types\/post"}],"author":[{"embeddable":true,"href":"http:\/\/noticiastelered.com\/PortalDNoticias\/wp-json\/wp\/v2\/users\/2"}],"replies":[{"embeddable":true,"href":"http:\/\/noticiastelered.com\/PortalDNoticias\/wp-json\/wp\/v2\/comments?post=88577"}],"version-history":[{"count":1,"href":"http:\/\/noticiastelered.com\/PortalDNoticias\/wp-json\/wp\/v2\/posts\/88577\/revisions"}],"predecessor-version":[{"id":88582,"href":"http:\/\/noticiastelered.com\/PortalDNoticias\/wp-json\/wp\/v2\/posts\/88577\/revisions\/88582"}],"wp:featuredmedia":[{"embeddable":true,"href":"http:\/\/noticiastelered.com\/PortalDNoticias\/wp-json\/wp\/v2\/media\/88581"}],"wp:attachment":[{"href":"http:\/\/noticiastelered.com\/PortalDNoticias\/wp-json\/wp\/v2\/media?parent=88577"}],"wp:term":[{"taxonomy":"category","embeddable":true,"href":"http:\/\/noticiastelered.com\/PortalDNoticias\/wp-json\/wp\/v2\/categories?post=88577"},{"taxonomy":"post_tag","embeddable":true,"href":"http:\/\/noticiastelered.com\/PortalDNoticias\/wp-json\/wp\/v2\/tags?post=88577"}],"curies":[{"name":"wp","href":"https:\/\/api.w.org\/{rel}","templated":true}]}}