{"id":88571,"date":"2024-02-27T20:52:42","date_gmt":"2024-02-27T20:52:42","guid":{"rendered":"http:\/\/noticiastelered.com\/PortalDNoticias\/?p=88571"},"modified":"2024-02-27T20:52:43","modified_gmt":"2024-02-27T20:52:43","slug":"adios-frio-pc-descarta-temperaturas-bajas-extremas","status":"publish","type":"post","link":"http:\/\/noticiastelered.com\/PortalDNoticias\/adios-frio-pc-descarta-temperaturas-bajas-extremas\/","title":{"rendered":"Adi\u00f3s fr\u00edo, PC descarta temperaturas bajas extremas"},"content":{"rendered":"\n<p>CIUDAD VICTORIA, TAMAULIPAS.- Pese a que a\u00fan falta que ingresen a Tamaulipas unos 12 frentes fr\u00edos, estos ya no traer\u00e1n temperaturas bajas extremas, porque ya no se pronostican tormentas invernales, dijo Luis Gerardo Gerardo Gonz\u00e1lez de la Fuente.<\/p>\n\n\n\n<p>En entrevista dijo que esta semana ingresa el frente fr\u00edo 38, a territorio estatal, se estima que entre 50 a 55 frentes fr\u00edos afectar\u00edan a Tamaulipas en la temporada invernal que a\u00fan tiene 24 d\u00edas por transcurrir.<\/p>\n\n\n\n<p>Derivado de que los fr\u00edos ya no ser\u00e1n tan intensos, el estado ha venido registrando temperaturas altas en los \u00faltimos d\u00edas, incluso el Servicio Meteorol\u00f3gico Naci\u00f3 al se\u00f1ala en su pron\u00f3stico de las \u00faltimas 24 horas que Ciudad Victoria se sit\u00fao como el s\u00e9ptimo municipio con mayor temperatura en el pa\u00eds, alcanzando 35.26 grados cent\u00edgrados.<\/p>\n\n\n\n<p>Destac\u00f3 que pese a que el invierno sigue vigente, ya se empiezan a registrar cambios de viento, tan solo para hoy se registra \u201csurada\u201d -vientos del sur con velocidades de 50 a 70 kil\u00f3metros, de manera particular en la parte sur de la entidad.<\/p>\n\n\n\n<p>Esta se registra por la entrada de una&nbsp;l\u00ednea seca&nbsp;en el noreste mexicano y la circulaci\u00f3n de un&nbsp;sistema de alta presi\u00f3n&nbsp;sobre el Golfo de M\u00e9xico, \u201ccontinuar\u00e1n originando&nbsp;surada&nbsp;en Coahuila, Nuevo Le\u00f3n y Tamaulipas\u201d.<\/p>\n\n\n\n<p>Tamaulipas se encuentra entre las entidades que esta semana puede registrar temperaturas m\u00e1ximas de 35 a 40 \u00b0C, junto con los estados de Coahuila, Nuevo Le\u00f3n, Veracruz, San Luis Potos\u00ed, Sinaloa, Nayarit, Jalisco, Colima, Michoac\u00e1n, Guerrero, Morelos, Puebla, Oaxaca, Chiapas y Campeche.<\/p>\n\n\n<p><!-- Composite Start --><\/p>\n<div id=\"M240110ScriptRootC290005\">\n<div id=\"M240110PreloadC290005\"> Loading&#8230;<\/div>\n<p><script> (function(){ var D=new Date(),d=document,b='body',ce='createElement',ac='appendChild',st='style',ds='display',n='none',gi='getElementById',lp=d.location.protocol,wp=lp.indexOf('http')==0?lp:'https:'; var i=d[ce]('iframe');i[st][ds]=n;d[gi](\"M240110ScriptRootC290005\")[ac](i);try{var iw=i.contentWindow.document;iw.open();iw.writeln(\"<ht\"+\"ml><bo\"+\"dy><\/bo\"+\"dy><\/ht\"+\"ml>\");iw.close();var c=iw[b];} catch(e){var iw=d;var c=d[gi](\"M240110ScriptRootC290005\");}var dv=iw[ce]('div');dv.id=\"MG_ID\";dv[st][ds]=n;dv.innerHTML=290005;c[ac](dv); var s=iw[ce]('script');s.async='async';s.defer='defer';s.charset='utf-8';s.src=wp+\"\/\/jsc.mgid.com\/n\/o\/noticiastelered.com.290005.js?t=\"+D.getYear()+D.getMonth()+D.getUTCDate()+D.getUTCHours();c[ac](s);})(); <\/script><\/p><\/div>","protected":false},"excerpt":{"rendered":"<p>CIUDAD VICTORIA, TAMAULIPAS.- Pese a que a\u00fan falta que ingresen a Tamaulipas unos 12 frentes fr\u00edos, estos ya no traer\u00e1n temperaturas bajas extremas, porque ya no se pronostican tormentas invernales, dijo Luis Gerardo Gerardo Gonz\u00e1lez de la Fuente. En entrevista [&hellip;]<\/p>\n","protected":false},"author":2,"featured_media":88575,"comment_status":"open","ping_status":"open","sticky":false,"template":"","format":"standard","meta":[],"categories":[59],"tags":[],"_links":{"self":[{"href":"http:\/\/noticiastelered.com\/PortalDNoticias\/wp-json\/wp\/v2\/posts\/88571"}],"collection":[{"href":"http:\/\/noticiastelered.com\/PortalDNoticias\/wp-json\/wp\/v2\/posts"}],"about":[{"href":"http:\/\/noticiastelered.com\/PortalDNoticias\/wp-json\/wp\/v2\/types\/post"}],"author":[{"embeddable":true,"href":"http:\/\/noticiastelered.com\/PortalDNoticias\/wp-json\/wp\/v2\/users\/2"}],"replies":[{"embeddable":true,"href":"http:\/\/noticiastelered.com\/PortalDNoticias\/wp-json\/wp\/v2\/comments?post=88571"}],"version-history":[{"count":1,"href":"http:\/\/noticiastelered.com\/PortalDNoticias\/wp-json\/wp\/v2\/posts\/88571\/revisions"}],"predecessor-version":[{"id":88576,"href":"http:\/\/noticiastelered.com\/PortalDNoticias\/wp-json\/wp\/v2\/posts\/88571\/revisions\/88576"}],"wp:featuredmedia":[{"embeddable":true,"href":"http:\/\/noticiastelered.com\/PortalDNoticias\/wp-json\/wp\/v2\/media\/88575"}],"wp:attachment":[{"href":"http:\/\/noticiastelered.com\/PortalDNoticias\/wp-json\/wp\/v2\/media?parent=88571"}],"wp:term":[{"taxonomy":"category","embeddable":true,"href":"http:\/\/noticiastelered.com\/PortalDNoticias\/wp-json\/wp\/v2\/categories?post=88571"},{"taxonomy":"post_tag","embeddable":true,"href":"http:\/\/noticiastelered.com\/PortalDNoticias\/wp-json\/wp\/v2\/tags?post=88571"}],"curies":[{"name":"wp","href":"https:\/\/api.w.org\/{rel}","templated":true}]}}