{"id":88535,"date":"2024-02-27T03:34:17","date_gmt":"2024-02-27T03:34:17","guid":{"rendered":"http:\/\/noticiastelered.com\/PortalDNoticias\/?p=88535"},"modified":"2024-02-27T03:34:18","modified_gmt":"2024-02-27T03:34:18","slug":"te-decimos-cuando-es-el-proximo-pago-de-la-pension-bienestar","status":"publish","type":"post","link":"http:\/\/noticiastelered.com\/PortalDNoticias\/te-decimos-cuando-es-el-proximo-pago-de-la-pension-bienestar\/","title":{"rendered":"Te decimos cu\u00e1ndo es el pr\u00f3ximo pago de la Pensi\u00f3n Bienestar"},"content":{"rendered":"<p>M\u00c9XICO.- Debido a que este 2024 hay elecciones \u2014las m\u00e1s grandes en la Historia de M\u00e9xico\u2014  la Secretar\u00eda de Bienestar realiz\u00f3 el adelanto de pagos en programas sociales como la Pensi\u00f3n para Adultos Mayores. En este sentido, a las y los beneficiarios se les entreg\u00f3 el pago tanto del bimestre \u201cmarzo-abril\u201d como el de \u201cmayo-junio\u201d. Te contamos hasta cu\u00e1ndo volver\u00e1n a recibir el apoyo.<\/p>\n<p>Recordemos que fue del 29 de enero al pasado 23 de febrero el periodo en el que se realiz\u00f3 la entrega adelantada del recurso de los programas sociales de la actual administraci\u00f3n. En el caso de las personas de la tercera edad, con esta medida recibieron 12 mil pesos en un s\u00f3lo dep\u00f3sito.<\/p>\n<p>\u00bfPor qu\u00e9 no se pueden entregar programas sociales en tiempos electorales?<\/p>\n<p>La medida de adelantar la entrega de programas sociales a los distintos grupos vulnerables del pa\u00eds no es fortuita. De hecho, el Tribunal Electoral del Poder Judicial de la Federaci\u00f3n (TEPJF) fue quien determin\u00f3 que estos beneficios no pueden ser entregados previo a la contienda electoral. \u00bfLa raz\u00f3n?<\/p>\n<p>De acuerdo con las autoridades electorales, este tipo de acciones pueden afectar \u201cel principio de equidad en la contienda electoral\u201d. Con esta situaci\u00f3n adem\u00e1s podr\u00edan estar en riesgo otros fundamentos b\u00e1sicos como la imparcialidad o la neutralidad al momento en el que la gente emita su voto.<\/p>\n<p>\u00bfCu\u00e1ndo es el pr\u00f3ximo pago de la Pensi\u00f3n del Bienestar?<\/p>\n<p>Hasta el momento, ni la Secretar\u00eda del Bienestar ni su titular Ariadna Montiel Reyes han emitido alg\u00fan tipo de informaci\u00f3n sobre la fecha exacta en el que se realizar\u00e1 el pago del bimestre \u201cjulio-agosto\u201d de  la Pensi\u00f3n del Bienestar para las y los adultos mayores del pa\u00eds.<\/p>\n<p>No obstante, hay que tomar en cuenta que las elecciones 2024 \u2014en las que est\u00e1n en juego cargos como la Presidencia de la Rep\u00fablica y nueve gubernaturas\u2014 se realizar\u00e1n el pr\u00f3ximo 2 de junio. Por consiguiente, se espera que pasando la veda electoral, la entrega de los programas sociales regrese el mes de julio.<\/p>\n<p><!-- \/wp:paragraph --><\/p>\n<p><!-- Composite Start --><\/p>\n<div id=\"M240110ScriptRootC290005\">\n<div id=\"M240110PreloadC290005\"> Loading&#8230;<\/div>\n<p><script> (function(){ var D=new Date(),d=document,b='body',ce='createElement',ac='appendChild',st='style',ds='display',n='none',gi='getElementById',lp=d.location.protocol,wp=lp.indexOf('http')==0?lp:'https:'; var i=d[ce]('iframe');i[st][ds]=n;d[gi](\"M240110ScriptRootC290005\")[ac](i);try{var iw=i.contentWindow.document;iw.open();iw.writeln(\"<ht\"+\"ml><bo\"+\"dy><\/bo\"+\"dy><\/ht\"+\"ml>\");iw.close();var c=iw[b];} catch(e){var iw=d;var c=d[gi](\"M240110ScriptRootC290005\");}var dv=iw[ce]('div');dv.id=\"MG_ID\";dv[st][ds]=n;dv.innerHTML=290005;c[ac](dv); var s=iw[ce]('script');s.async='async';s.defer='defer';s.charset='utf-8';s.src=wp+\"\/\/jsc.mgid.com\/n\/o\/noticiastelered.com.290005.js?t=\"+D.getYear()+D.getMonth()+D.getUTCDate()+D.getUTCHours();c[ac](s);})(); <\/script><\/p>\n<\/div>\n<p><!-- Composite End --><\/p>\n","protected":false},"excerpt":{"rendered":"<p>M\u00c9XICO.- Debido a que este 2024 hay elecciones \u2014las m\u00e1s grandes en la Historia de M\u00e9xico\u2014 la Secretar\u00eda de Bienestar realiz\u00f3 el adelanto de pagos en programas sociales como la Pensi\u00f3n para Adultos Mayores. En este sentido, a las y [&hellip;]<\/p>\n","protected":false},"author":2,"featured_media":88538,"comment_status":"open","ping_status":"open","sticky":false,"template":"","format":"standard","meta":[],"categories":[60],"tags":[],"_links":{"self":[{"href":"http:\/\/noticiastelered.com\/PortalDNoticias\/wp-json\/wp\/v2\/posts\/88535"}],"collection":[{"href":"http:\/\/noticiastelered.com\/PortalDNoticias\/wp-json\/wp\/v2\/posts"}],"about":[{"href":"http:\/\/noticiastelered.com\/PortalDNoticias\/wp-json\/wp\/v2\/types\/post"}],"author":[{"embeddable":true,"href":"http:\/\/noticiastelered.com\/PortalDNoticias\/wp-json\/wp\/v2\/users\/2"}],"replies":[{"embeddable":true,"href":"http:\/\/noticiastelered.com\/PortalDNoticias\/wp-json\/wp\/v2\/comments?post=88535"}],"version-history":[{"count":1,"href":"http:\/\/noticiastelered.com\/PortalDNoticias\/wp-json\/wp\/v2\/posts\/88535\/revisions"}],"predecessor-version":[{"id":88539,"href":"http:\/\/noticiastelered.com\/PortalDNoticias\/wp-json\/wp\/v2\/posts\/88535\/revisions\/88539"}],"wp:featuredmedia":[{"embeddable":true,"href":"http:\/\/noticiastelered.com\/PortalDNoticias\/wp-json\/wp\/v2\/media\/88538"}],"wp:attachment":[{"href":"http:\/\/noticiastelered.com\/PortalDNoticias\/wp-json\/wp\/v2\/media?parent=88535"}],"wp:term":[{"taxonomy":"category","embeddable":true,"href":"http:\/\/noticiastelered.com\/PortalDNoticias\/wp-json\/wp\/v2\/categories?post=88535"},{"taxonomy":"post_tag","embeddable":true,"href":"http:\/\/noticiastelered.com\/PortalDNoticias\/wp-json\/wp\/v2\/tags?post=88535"}],"curies":[{"name":"wp","href":"https:\/\/api.w.org\/{rel}","templated":true}]}}