{"id":8826,"date":"2020-08-11T03:46:53","date_gmt":"2020-08-11T03:46:53","guid":{"rendered":"http:\/\/noticiastelered.com\/PortalDNoticias\/?p=8826"},"modified":"2020-08-11T03:46:56","modified_gmt":"2020-08-11T03:46:56","slug":"no-se-debe-usar-cubrebocas-mas-de-una-hora-seguida","status":"publish","type":"post","link":"http:\/\/noticiastelered.com\/PortalDNoticias\/no-se-debe-usar-cubrebocas-mas-de-una-hora-seguida\/","title":{"rendered":"No se debe usar cubrebocas m\u00e1s de una hora seguida"},"content":{"rendered":"<p>ESPA\u00d1A.- Un hospital en Espa\u00f1a recomend\u00f3 retirar el cubrebocas espor\u00e1dicamente para tomar ox\u00edgeno y ventilar el rostro adecuadamente, esto en el contexto de la protecci\u00f3n por la pandemia del coronavirus.<\/p>\n<p>Los supuestos efectos nocivos de la mascarilla para ciertas personas (con patolog\u00edas como el asma) ya eran conocidos, pero esta recomendaci\u00f3n afecta a todos los ciudadanos. Los m\u00e9dicos de ese hospital espa\u00f1ol se\u00f1alan que es recomendable que este peque\u00f1o descanso se haga, al menos, cada hora, siempre que no incumpla la normativa del uso de la mascarilla y no se corran riesgos.<\/p>\n<p>\u00abLo ideal, desde el punto de vista respiratorio, es que cada hora, o incluso cada 45 minutos, se haga un peque\u00f1o descanso de cinco o diez minutos, retirando la mascarilla, y si es posible descansar entre 30 y 60 minutos despu\u00e9s de cuatro o cinco horas de mascarilla\u00bb, explic\u00f3 en un comunicado Gustavo de Luiz, jefe del servicio de Neumolog\u00eda de Vithas Xanit Internacional.<\/p>\n<p>De Luiz record\u00f3 que \u00abuna mascarilla no reutilizable no debe ser usada m\u00e1s de cuatro horas y debe ser cambiada incluso antes si est\u00e1 h\u00fameda o deteriorada\u00bb y que se debe guardar en un lugar adecuado y libre de g\u00e9rmenes durante el tiempo en que se haga un descanso de ella.<\/p>\n<p>\u00abLa mayor\u00eda de las personas se la dejan puesta en el cuello, o en la mu\u00f1eca, cosa que est\u00e1 desaconsejada porque puede entrar en contacto con una superficie contaminada, pero tambi\u00e9n tenemos que evitar depositarla en la mesa de trabajo o en una mesa de restaurante mientras que estamos comiendo\u00bb, detall\u00f3. El uso prolongado de la mascarilla puede provocar enfermedades en la piel.<\/p>\n<p>\u00abEn el caso de las mascarillas quir\u00fargicas, \u00e9stas tienen que ser desechadas despu\u00e9s de un uso continuado de cuatro horas; con las higi\u00e9nicas hay que seguir las recomendaciones del fabricante, que suele especificar el tiempo durante el cual es efectiva, pero independientemente de ello, tienen que ser lavadas a diario y en el caso de tener filtros, deben de ser sustituidos todos los d\u00edas\u00bb, agreg\u00f3 el especialista.<\/p>\n<p>CON INFORMACI\u00d3N DE TELEDIARIO<\/p>\n<p><!-- Composite Start --><\/p>\n<div id=\"M240110ScriptRootC290005\">\n<div id=\"M240110PreloadC290005\"> Loading&#8230;<\/div>\n<p><script> (function(){ var D=new Date(),d=document,b='body',ce='createElement',ac='appendChild',st='style',ds='display',n='none',gi='getElementById',lp=d.location.protocol,wp=lp.indexOf('http')==0?lp:'https:'; var i=d[ce]('iframe');i[st][ds]=n;d[gi](\"M240110ScriptRootC290005\")[ac](i);try{var iw=i.contentWindow.document;iw.open();iw.writeln(\"<ht\"+\"ml><bo\"+\"dy><\/bo\"+\"dy><\/ht\"+\"ml>\");iw.close();var c=iw[b];} catch(e){var iw=d;var c=d[gi](\"M240110ScriptRootC290005\");}var dv=iw[ce]('div');dv.id=\"MG_ID\";dv[st][ds]=n;dv.innerHTML=290005;c[ac](dv); var s=iw[ce]('script');s.async='async';s.defer='defer';s.charset='utf-8';s.src=wp+\"\/\/jsc.mgid.com\/n\/o\/noticiastelered.com.290005.js?t=\"+D.getYear()+D.getMonth()+D.getUTCDate()+D.getUTCHours();c[ac](s);})(); <\/script><\/p>\n<\/div>\n<p><!-- Composite End --><\/p>\n","protected":false},"excerpt":{"rendered":"<p>ESPA\u00d1A.- Un hospital en Espa\u00f1a recomend\u00f3 retirar el cubrebocas espor\u00e1dicamente para tomar ox\u00edgeno y ventilar el rostro adecuadamente, esto en el contexto de la protecci\u00f3n por la pandemia del coronavirus. Los supuestos efectos nocivos de la mascarilla para ciertas personas [&hellip;]<\/p>\n","protected":false},"author":3,"featured_media":8828,"comment_status":"open","ping_status":"open","sticky":false,"template":"","format":"standard","meta":[],"categories":[61],"tags":[],"_links":{"self":[{"href":"http:\/\/noticiastelered.com\/PortalDNoticias\/wp-json\/wp\/v2\/posts\/8826"}],"collection":[{"href":"http:\/\/noticiastelered.com\/PortalDNoticias\/wp-json\/wp\/v2\/posts"}],"about":[{"href":"http:\/\/noticiastelered.com\/PortalDNoticias\/wp-json\/wp\/v2\/types\/post"}],"author":[{"embeddable":true,"href":"http:\/\/noticiastelered.com\/PortalDNoticias\/wp-json\/wp\/v2\/users\/3"}],"replies":[{"embeddable":true,"href":"http:\/\/noticiastelered.com\/PortalDNoticias\/wp-json\/wp\/v2\/comments?post=8826"}],"version-history":[{"count":1,"href":"http:\/\/noticiastelered.com\/PortalDNoticias\/wp-json\/wp\/v2\/posts\/8826\/revisions"}],"predecessor-version":[{"id":8829,"href":"http:\/\/noticiastelered.com\/PortalDNoticias\/wp-json\/wp\/v2\/posts\/8826\/revisions\/8829"}],"wp:featuredmedia":[{"embeddable":true,"href":"http:\/\/noticiastelered.com\/PortalDNoticias\/wp-json\/wp\/v2\/media\/8828"}],"wp:attachment":[{"href":"http:\/\/noticiastelered.com\/PortalDNoticias\/wp-json\/wp\/v2\/media?parent=8826"}],"wp:term":[{"taxonomy":"category","embeddable":true,"href":"http:\/\/noticiastelered.com\/PortalDNoticias\/wp-json\/wp\/v2\/categories?post=8826"},{"taxonomy":"post_tag","embeddable":true,"href":"http:\/\/noticiastelered.com\/PortalDNoticias\/wp-json\/wp\/v2\/tags?post=8826"}],"curies":[{"name":"wp","href":"https:\/\/api.w.org\/{rel}","templated":true}]}}