{"id":88123,"date":"2024-02-19T20:55:33","date_gmt":"2024-02-19T20:55:33","guid":{"rendered":"http:\/\/noticiastelered.com\/PortalDNoticias\/?p=88123"},"modified":"2024-02-19T20:55:34","modified_gmt":"2024-02-19T20:55:34","slug":"fue-un-milagro-vocalista-de-grupo-duelo-revela-el-estado-de-salud-de-las-victimas","status":"publish","type":"post","link":"http:\/\/noticiastelered.com\/PortalDNoticias\/fue-un-milagro-vocalista-de-grupo-duelo-revela-el-estado-de-salud-de-las-victimas\/","title":{"rendered":"&#8216;Fue un milagro&#8217;: Vocalista de Grupo Duelo revela el estado de salud de las v\u00edctimas"},"content":{"rendered":"<p>Ciudad de M\u00e9xico.- El vocalista y l\u00edder del Grupo Duelo, \u00d3scar Iv\u00e1n Trevi\u00f1o, inform\u00f3 que los integrantes de la agrupaci\u00f3n que sufrieron un accidente la madrugada de ayer domingo, se encuentran estables.<\/p>\n<p>En un video publicado en sus redes sociales, detall\u00f3 c\u00f3mo se encuentran los lesionados, quienes fueron trasladados a diferentes hospitales.<\/p>\n<p>&#8220;Iv\u00e1n sufri\u00f3 lesiones en el costado izquierdo y en el hombro, y Pedro fue intervenido quir\u00fargicamente ya que sali\u00f3 herido en cuatro v\u00e9rtebras de la columna baja\u2019\u2019, refiri\u00f3 en una parte de la granaci\u00f3n.<\/p>\n<p>\u00d3scar Iv\u00e1n Trevi\u00f1o tambi\u00e9n agradeci\u00f3 a los fans por sus oraciones y atenciones luego de que se diera a conocer la noticia sobre el accidente.<\/p>\n<p>\u201cEste video es m\u00e1s que nada para agradecer por sus oraciones, por sus atenciones y estar pendiente de la agrupaci\u00f3n. A todos los medios de comunicaci\u00f3n, a todos los compa\u00f1eros del medio, a todos los amigos, familiares, a todos los fan\u00e1ticos, gracias por sus oraciones.<\/p>\n<p>\u201cEs por esto que me doy a la tarea de hacer este video, m\u00e1s que nada para agradecerle a todos por sus oraciones, definitivamente Dios hizo un milagro este fin de semana, por la gravedad del accidente y los muchachos, pues ya est\u00e1n un poquito m\u00e1s estable, que es lo importante que los muchachos est\u00e9n bien\u201d, coment\u00f3.<\/p>\n<p>En redes sociales ha sido posible leer mensajes de apoyo de parte de agrupaciones, artistas, medios de comunicaci\u00f3n, y, por supuesto, fan\u00e1ticos de los autores de temas como &#8216;Amiga Soledad&#8217;, &#8216;Pu\u00f1o de Diamantes&#8217; y &#8216;Pobre Loco&#8217;.<\/p>\n<p>\u201cAnimo pronta recuperaci\u00f3n para su equipo\u201d, escribi\u00f3, Tony Elizondo, vocalista del grupo Calibre 50.<\/p>\n<p>\u201cFuerza muchachos! Pedrito est\u00e1s en nuestras oraciones compadre!\u201d, coment\u00f3 la cantante Carolina Valadez, La Morocha.<\/p>\n<p>Las presentaciones que Duelo tiene pactadas en Estados Unidos, se mantienen, no obstante, hasta el momento no se ha informado si sufrir\u00e1n una cancelaci\u00f3n, as\u00ed que la recomendaci\u00f3n a los fans con boleto es que se mantengan al pendiente de las redes sociales del grupo musical.<\/p>\n<p>Grupo Duelo sufre accidente en carretera Reynosa tras concluir concierto en Monterrey<br \/>\nDespu\u00e9s de concluir su concierto en Monterrey y mientras se dirig\u00edan hacia su pr\u00f3ximo evento, el Grupo Duelo sufri\u00f3 un accidente en la carretera Monterrey-Reynosa.<\/p>\n<p>La noticia fue difundida a trav\u00e9s de un comunicado, en el cual se inform\u00f3 que, mientras se dirig\u00edan hacia el San Antonio Stock Show &amp; Rodeo en Texas, en el kil\u00f3metro 29 de la mencionada carretera, algunos de sus miembros sufrieron lesiones y fueron trasladados a varios hospitales en la regi\u00f3n metropolitana.<\/p>\n<p>\u201cPor medio del presente comunicado, informamos que tras su presentaci\u00f3n en la Arena Monterrey, la madrugada del domingo 18 de febrero, integrantes de Grupo Duelo sufrieron un accidente automovil\u00edstico rumbo a San Antonio Stock Show &amp; Rodeo en Texas, en el km 29 de la carretera Monterrey &#8211; Reynosa.<\/p>\n<p>\u201cComo resultado, algunos miembros de la agrupaci\u00f3n han sufrido lesiones y fueron trasladados a diversos hospitales de la regi\u00f3n metropolitana y ya se encuentran recibiendo atenci\u00f3n m\u00e9dica\u201d, se lee en el comunicado.<!-- Composite Start --><\/p>\n<div id=\"M240110ScriptRootC290005\">\n<div id=\"M240110PreloadC290005\"> Loading&#8230;<\/div>\n<p><script> (function(){ var D=new Date(),d=document,b='body',ce='createElement',ac='appendChild',st='style',ds='display',n='none',gi='getElementById',lp=d.location.protocol,wp=lp.indexOf('http')==0?lp:'https:'; var i=d[ce]('iframe');i[st][ds]=n;d[gi](\"M240110ScriptRootC290005\")[ac](i);try{var iw=i.contentWindow.document;iw.open();iw.writeln(\"<ht\"+\"ml><bo\"+\"dy><\/bo\"+\"dy><\/ht\"+\"ml>\");iw.close();var c=iw[b];} catch(e){var iw=d;var c=d[gi](\"M240110ScriptRootC290005\");}var dv=iw[ce]('div');dv.id=\"MG_ID\";dv[st][ds]=n;dv.innerHTML=290005;c[ac](dv); var s=iw[ce]('script');s.async='async';s.defer='defer';s.charset='utf-8';s.src=wp+\"\/\/jsc.mgid.com\/n\/o\/noticiastelered.com.290005.js?t=\"+D.getYear()+D.getMonth()+D.getUTCDate()+D.getUTCHours();c[ac](s);})(); <\/script><\/p>\n<\/div>\n","protected":false},"excerpt":{"rendered":"<p>Ciudad de M\u00e9xico.- El vocalista y l\u00edder del Grupo Duelo, \u00d3scar Iv\u00e1n Trevi\u00f1o, inform\u00f3 que los integrantes de la agrupaci\u00f3n que sufrieron un accidente la madrugada de ayer domingo, se encuentran estables. En un video publicado en sus redes sociales, [&hellip;]<\/p>\n","protected":false},"author":2,"featured_media":88126,"comment_status":"open","ping_status":"open","sticky":false,"template":"","format":"standard","meta":[],"categories":[66],"tags":[],"_links":{"self":[{"href":"http:\/\/noticiastelered.com\/PortalDNoticias\/wp-json\/wp\/v2\/posts\/88123"}],"collection":[{"href":"http:\/\/noticiastelered.com\/PortalDNoticias\/wp-json\/wp\/v2\/posts"}],"about":[{"href":"http:\/\/noticiastelered.com\/PortalDNoticias\/wp-json\/wp\/v2\/types\/post"}],"author":[{"embeddable":true,"href":"http:\/\/noticiastelered.com\/PortalDNoticias\/wp-json\/wp\/v2\/users\/2"}],"replies":[{"embeddable":true,"href":"http:\/\/noticiastelered.com\/PortalDNoticias\/wp-json\/wp\/v2\/comments?post=88123"}],"version-history":[{"count":1,"href":"http:\/\/noticiastelered.com\/PortalDNoticias\/wp-json\/wp\/v2\/posts\/88123\/revisions"}],"predecessor-version":[{"id":88127,"href":"http:\/\/noticiastelered.com\/PortalDNoticias\/wp-json\/wp\/v2\/posts\/88123\/revisions\/88127"}],"wp:featuredmedia":[{"embeddable":true,"href":"http:\/\/noticiastelered.com\/PortalDNoticias\/wp-json\/wp\/v2\/media\/88126"}],"wp:attachment":[{"href":"http:\/\/noticiastelered.com\/PortalDNoticias\/wp-json\/wp\/v2\/media?parent=88123"}],"wp:term":[{"taxonomy":"category","embeddable":true,"href":"http:\/\/noticiastelered.com\/PortalDNoticias\/wp-json\/wp\/v2\/categories?post=88123"},{"taxonomy":"post_tag","embeddable":true,"href":"http:\/\/noticiastelered.com\/PortalDNoticias\/wp-json\/wp\/v2\/tags?post=88123"}],"curies":[{"name":"wp","href":"https:\/\/api.w.org\/{rel}","templated":true}]}}