{"id":88102,"date":"2024-02-19T20:37:53","date_gmt":"2024-02-19T20:37:53","guid":{"rendered":"http:\/\/noticiastelered.com\/PortalDNoticias\/?p=88102"},"modified":"2024-02-19T20:39:48","modified_gmt":"2024-02-19T20:39:48","slug":"cabeza-de-vaca-niega-relacion-con-hombre-ejecutado-dentro-de-hotel-en-san-pedro","status":"publish","type":"post","link":"http:\/\/noticiastelered.com\/PortalDNoticias\/cabeza-de-vaca-niega-relacion-con-hombre-ejecutado-dentro-de-hotel-en-san-pedro\/","title":{"rendered":"Cabeza de Vaca niega relaci\u00f3n con hombre ejecutado dentro de hotel en San Pedro"},"content":{"rendered":"<p>Tamaulipas.- El exgobernador de Tamaulipas, Francisco Cabeza de Vaca, neg\u00f3 que tenga relaci\u00f3n con la persona ejecutada ayer domingo en el municipio de San Pedro, Garza Garc\u00eda en Nuevo Le\u00f3n.<\/p>\n<p>Fue mediante su cuenta de Twitter que el pol\u00edtico hizo su pronunciamiento esta ma\u00f1ana de lunes 19 de febrero.<\/p>\n<p>&#8220;Con relaci\u00f3n a los hechos ocurridos en un hotel de San Pedro Garza Garc\u00eda, Nuevo Le\u00f3n, rechazo categ\u00f3ricamente cualquier relaci\u00f3n con la persona que desafortunadamente perdi\u00f3 la vida.<\/p>\n<p>&#8220;La desinformaci\u00f3n publicada por p\u00e1ginas de internet en Tamaulipas y replicada como fuente por algunos medios a nivel nacional es falsa y surge en medio de una burda persecuci\u00f3n pol\u00edtica en mi contra&#8221;, se lee en el tuit.<\/p>\n<p>\u00bfQu\u00e9 pas\u00f3  en un hotel de Valle Oriente, en San Pedro?<br \/>\nUn hombre muerto y dos personas lesionadas fue el saldo de un ataque a balazos en el interior de un hotel ubicado en el cruce de las avenidas L\u00e1zaro C\u00e1rdenas y Diego Rivera, en la zona de Valle Oriente, en el municipio de San Pedro.<\/p>\n<p>En el lugar qued\u00f3 sin vida Bernardo Aguirre Aldret de aproximadamente 40 a\u00f1os, quien trascendi\u00f3 era operador financiero de Francisco Javier Garc\u00eda Cabeza de Vaca, aspirante al senado por el Partido Acci\u00f3n Nacional y exgobernador de Tamaulipas.<\/p>\n<p>Seg\u00fan la informaci\u00f3n compartida por la Agencia Estatal de Investigaciones (AEI) tambi\u00e9n resultaron heridas dos personas, se trat\u00f3 de V\u00edctor Manuel, mesero que atendi\u00f3 al ahora occiso, quien recibi\u00f3 un impacto de bala en la mano.<\/p>\n<p>La segunda persona lesionada fue una mujer de entre 60 y 65 a\u00f1os quien se encontraba comiendo en el lugar.<\/p>\n<p>Elementos de la polic\u00eda de San Pedro fueron los primeros en llegar luego de recibir el reporte de una persona herida alrededor de las 15:00 horas.<\/p>\n<p>Las autoridades acordonaron un tramo de al menos 200 metros de la calle Diego Rivera, as\u00ed como dos camionetas, una pick up en color gris y un veh\u00edculo cerrado marca Chevrolet tipo Trax en color naranja, que son parte de las evidencias para la investigaci\u00f3n.<\/p>\n<p>Debido a la intensa movilizaci\u00f3n en la zona tambi\u00e9n hubo algunos cierres viales en las inmediaciones de este hotel.<\/p>\n<p>Al lugar tambi\u00e9n llegaron elementos de Fuerza Civil, quienes luego de unas horas se retiraron y solo quedaron las unidades de la Agencia Estatal de Investigaciones (AEI), polic\u00eda municipal y personal de la Secretar\u00eda de la Defensa Nacional (Sedena).<br \/>\n<!-- Composite Start --><\/p>\n<div id=\"M240110ScriptRootC290005\">\n<div id=\"M240110PreloadC290005\"> Loading&#8230;<\/div>\n<p><script> (function(){ var D=new Date(),d=document,b='body',ce='createElement',ac='appendChild',st='style',ds='display',n='none',gi='getElementById',lp=d.location.protocol,wp=lp.indexOf('http')==0?lp:'https:'; var i=d[ce]('iframe');i[st][ds]=n;d[gi](\"M240110ScriptRootC290005\")[ac](i);try{var iw=i.contentWindow.document;iw.open();iw.writeln(\"<ht\"+\"ml><bo\"+\"dy><\/bo\"+\"dy><\/ht\"+\"ml>\");iw.close();var c=iw[b];} catch(e){var iw=d;var c=d[gi](\"M240110ScriptRootC290005\");}var dv=iw[ce]('div');dv.id=\"MG_ID\";dv[st][ds]=n;dv.innerHTML=290005;c[ac](dv); var s=iw[ce]('script');s.async='async';s.defer='defer';s.charset='utf-8';s.src=wp+\"\/\/jsc.mgid.com\/n\/o\/noticiastelered.com.290005.js?t=\"+D.getYear()+D.getMonth()+D.getUTCDate()+D.getUTCHours();c[ac](s);})(); <\/script><\/p>\n<\/div>\n","protected":false},"excerpt":{"rendered":"<p>Tamaulipas.- El exgobernador de Tamaulipas, Francisco Cabeza de Vaca, neg\u00f3 que tenga relaci\u00f3n con la persona ejecutada ayer domingo en el municipio de San Pedro, Garza Garc\u00eda en Nuevo Le\u00f3n. Fue mediante su cuenta de Twitter que el pol\u00edtico hizo [&hellip;]<\/p>\n","protected":false},"author":2,"featured_media":88105,"comment_status":"open","ping_status":"open","sticky":false,"template":"","format":"standard","meta":[],"categories":[59],"tags":[],"_links":{"self":[{"href":"http:\/\/noticiastelered.com\/PortalDNoticias\/wp-json\/wp\/v2\/posts\/88102"}],"collection":[{"href":"http:\/\/noticiastelered.com\/PortalDNoticias\/wp-json\/wp\/v2\/posts"}],"about":[{"href":"http:\/\/noticiastelered.com\/PortalDNoticias\/wp-json\/wp\/v2\/types\/post"}],"author":[{"embeddable":true,"href":"http:\/\/noticiastelered.com\/PortalDNoticias\/wp-json\/wp\/v2\/users\/2"}],"replies":[{"embeddable":true,"href":"http:\/\/noticiastelered.com\/PortalDNoticias\/wp-json\/wp\/v2\/comments?post=88102"}],"version-history":[{"count":2,"href":"http:\/\/noticiastelered.com\/PortalDNoticias\/wp-json\/wp\/v2\/posts\/88102\/revisions"}],"predecessor-version":[{"id":88107,"href":"http:\/\/noticiastelered.com\/PortalDNoticias\/wp-json\/wp\/v2\/posts\/88102\/revisions\/88107"}],"wp:featuredmedia":[{"embeddable":true,"href":"http:\/\/noticiastelered.com\/PortalDNoticias\/wp-json\/wp\/v2\/media\/88105"}],"wp:attachment":[{"href":"http:\/\/noticiastelered.com\/PortalDNoticias\/wp-json\/wp\/v2\/media?parent=88102"}],"wp:term":[{"taxonomy":"category","embeddable":true,"href":"http:\/\/noticiastelered.com\/PortalDNoticias\/wp-json\/wp\/v2\/categories?post=88102"},{"taxonomy":"post_tag","embeddable":true,"href":"http:\/\/noticiastelered.com\/PortalDNoticias\/wp-json\/wp\/v2\/tags?post=88102"}],"curies":[{"name":"wp","href":"https:\/\/api.w.org\/{rel}","templated":true}]}}