{"id":87978,"date":"2024-02-18T23:49:55","date_gmt":"2024-02-18T23:49:55","guid":{"rendered":"http:\/\/noticiastelered.com\/PortalDNoticias\/?p=87978"},"modified":"2024-02-18T23:49:56","modified_gmt":"2024-02-18T23:49:56","slug":"exhuman-restos-de-los-jovenes-noe-ignacio-y-jonathan","status":"publish","type":"post","link":"http:\/\/noticiastelered.com\/PortalDNoticias\/exhuman-restos-de-los-jovenes-noe-ignacio-y-jonathan\/","title":{"rendered":"Exhuman restos de los j\u00f3venes Noe Ignacio y Jonathan,"},"content":{"rendered":"\n<p>a 6 a\u00f1os de ser detenidos arbitrariamente por personal de la Marina<\/p>\n\n\n\n<p>\u00b7 Sus restos estuvieron ocultos en una fosa com\u00fan del Pante\u00f3n II de Nuevo Laredo<\/p>\n\n\n\n<p>\u00b7 Familiares preparan demanda penal en contra de Agentes del Ministerio P\u00fablico de la Fiscal\u00eda de Justicia de Tamaulipas y de la Fiscal\u00eda General de la Rep\u00fablica<\/p>\n\n\n\n<p>Nuevo Laredo. (18 de Febrero del 2024). \u2013 Este domingo se cumplieron seis a\u00f1os de la desaparici\u00f3n forzada de los j\u00f3venes Noe Ignacio Alf\u00e9rez Hern\u00e1ndez y Jonathan Organista Ballesteros, detenidos arbitrariamente el 18 de febrero del 2018 en la colonia Infonavit de Nuevo Laredo por elementos de la Unidad de Operaciones Especiales de la Secretar\u00eda de Marina y sus familiares les recordaron con un acto de presencia en el Memorial para V\u00edctimas.<\/p>\n\n\n\n<p>Una semana antes de este tr\u00e1gico aniversario, peritos de la Fiscal\u00eda General de la Rep\u00fablica realizaron la exhumaci\u00f3n de los restos humanos de ambos j\u00f3venes para la realizaci\u00f3n de pruebas gen\u00e9ticas y antropol\u00f3gicas que confirmen su identidad plenamente, a petici\u00f3n de la Fiscal\u00eda Especial de Investigaci\u00f3n en Delitos de Desaparici\u00f3n Forzada en donde se integra la carpeta de investigaci\u00f3n FED\/SDHPDSC\/FEIDDF-TAMP\/000305\/2018, a cargo de la agente del Ministerio P\u00fablico de la Federaci\u00f3n Cinthya Nayeli Banda Ferrer.<\/p>\n\n\n\n<p>Los restos humanos de Jonathan y Noe Ignacio permanecieron en una fosa com\u00fan del pante\u00f3n Municipal II de Nuevo Laredo desde Mayo del 2018 cuando fueron sepultados en \u201ccalidad de desconocidos\u201d (NN1 y NN2), luego de que un Agente del Ministerio P\u00fablico de la Fiscal\u00eda de Justicia del Estado de Tamaulipas ocultara a sus familiares su hallazgo y caracter\u00edsticas, cuando fueron encontrados semi enterrados, un mes antes, en un predio particular ubicado en la carretera federal Nuevo Laredo-Colombia.<\/p>\n\n\n\n<p>A los marinos que participaron en estas detenciones arbitrarias y ejecuciones extrajudiciales no les import\u00f3 que Jonathan fuera menor de edad, apenas ten\u00eda 17 a\u00f1os, mientras que Noe Ignacio Alf\u00e9rez Hern\u00e1ndez contaba con 25 a\u00f1os. Otras v\u00edctimas de esta cacer\u00eca atroz corresponde a tres mujeres y dos menores de edad para un total de 47 v\u00ecctimas, algunas procedentes de los estados de Oaxaca, Coahuila y Nuevo Le\u00f2n.<\/p>\n\n\n\n<p>Es importante mencionar que este operativo de la Secretaria de Marina implementado en Nuevo Laredo, Tamaulipas fue solicitado por el entonces gobernador Francisco Javier Garc\u00eda Cabeza de Vaca al entonces Almirante Secretario Vidal Francisco Sober\u00f3n Sanz aparentemente para combatir la alta incidencia delictiva en el estado, acordando iniciar operaciones en las fronteras de Matamoros y Nuevo Laredo.<\/p>\n\n\n\n<p>Dicho operativo estuvo a cargo del Almirante Marco Antonio Ortega Siu, director de la Unidad de Operaciones Especiales (UNOPES) y de los comandantes Salvador Ger\u00f3nimo Rodr\u00edguez y Alfredo Reyes Mondrag\u00f3n denomin\u00e1ndolo \u201cOperaci\u00f3n Laguna\u201d.<\/p>\n\n\n\n<p>Por estos hechos la Comisi\u00f3n Nacional de los Derechos Humanos (CNDH) emiti\u00f3 en julio del 2020 la Recomendaci\u00f3n 36VG\/2020 dirigida al secretario de la Marina, Vidal Francisco Sober\u00f3n Sanz, al Fiscal General de la Rep\u00fablica, Alejandro Gertz Manero y al gobernador de Tamaulipas, Francisco Javier Garc\u00eda Cabeza de Vaca, pero solamente reconociendo a 27 de las 47 v\u00edctimas de los marinos.<\/p>\n\n\n\n<p>A cuatro a\u00f1os de distancia de la Recomendaci\u00f2n 36VG\/2020 ninguna de las familias de las 27 v\u00edctimas ha recibido la reparaci\u00f3n integral del da\u00f1o por parte de la Comisi\u00f3n Ejecutiva de Atenci\u00f3n a V\u00edctimas (CEAV) mientras que la Fiscal\u00eda General de la Rep\u00fablica (FGR) ha sido omisa y negligente para localizar a m\u00e1s de 24 v\u00ecctimas y otras 15 que fueron ejecutadas extrajudicialmente por los marinos sus casos siguen en la absoluta impunidad.<\/p>\n\n\n\n<p>ESTRENAN MEMORIAL CON TRISTE ANIVERSARIO<\/p>\n\n\n\n<p>Este domingo familiares de Jonathan Organista Ballesteros y Noe Ignacio Alferez Dominguez se reunieron en el Memorial para Victimas construido en la Plaza 1\u00ba de Mayo por autoridades municipales y entregado al pasado mes de enero para recordar la detenci\u00f2n arbitraria, desaparici\u00f2n forzada y ahora ejecuci\u00f2n extrajudicial de los dos j\u00f2venes.<\/p>\n\n\n\n<p>A esta triste ceremonia acudieron familiares de otras v\u00ecctimas de la Marina vestidas con ropas blancas y portando globos, pancartas y fotograf\u00ecas con las im\u00e1genes de sus seres queridos que continuan desaparecidos o que fueron localizados sin vida entre los meses de febrero a mayo del 2018..<\/p>\n\n\n\n<p>Otro de los j\u00f2venes que el pr\u00f2ximo martes 20 de febrero cumple seis a\u00f1os de desaparecido es Julio Cesar Viramontes Arredondo, quien fue detenido por marinos en la colonia Buenavista tras un accidente carreterero y hasta la fecha se desconoce su paradero.<\/p>\n","protected":false},"excerpt":{"rendered":"<p>a 6 a\u00f1os de ser detenidos arbitrariamente por personal de la Marina \u00b7 Sus restos estuvieron ocultos en una fosa com\u00fan del Pante\u00f3n II de Nuevo Laredo \u00b7 Familiares preparan demanda penal en contra de Agentes del Ministerio P\u00fablico de [&hellip;]<\/p>\n","protected":false},"author":2,"featured_media":87981,"comment_status":"open","ping_status":"open","sticky":false,"template":"","format":"standard","meta":[],"categories":[1],"tags":[],"_links":{"self":[{"href":"http:\/\/noticiastelered.com\/PortalDNoticias\/wp-json\/wp\/v2\/posts\/87978"}],"collection":[{"href":"http:\/\/noticiastelered.com\/PortalDNoticias\/wp-json\/wp\/v2\/posts"}],"about":[{"href":"http:\/\/noticiastelered.com\/PortalDNoticias\/wp-json\/wp\/v2\/types\/post"}],"author":[{"embeddable":true,"href":"http:\/\/noticiastelered.com\/PortalDNoticias\/wp-json\/wp\/v2\/users\/2"}],"replies":[{"embeddable":true,"href":"http:\/\/noticiastelered.com\/PortalDNoticias\/wp-json\/wp\/v2\/comments?post=87978"}],"version-history":[{"count":1,"href":"http:\/\/noticiastelered.com\/PortalDNoticias\/wp-json\/wp\/v2\/posts\/87978\/revisions"}],"predecessor-version":[{"id":87982,"href":"http:\/\/noticiastelered.com\/PortalDNoticias\/wp-json\/wp\/v2\/posts\/87978\/revisions\/87982"}],"wp:featuredmedia":[{"embeddable":true,"href":"http:\/\/noticiastelered.com\/PortalDNoticias\/wp-json\/wp\/v2\/media\/87981"}],"wp:attachment":[{"href":"http:\/\/noticiastelered.com\/PortalDNoticias\/wp-json\/wp\/v2\/media?parent=87978"}],"wp:term":[{"taxonomy":"category","embeddable":true,"href":"http:\/\/noticiastelered.com\/PortalDNoticias\/wp-json\/wp\/v2\/categories?post=87978"},{"taxonomy":"post_tag","embeddable":true,"href":"http:\/\/noticiastelered.com\/PortalDNoticias\/wp-json\/wp\/v2\/tags?post=87978"}],"curies":[{"name":"wp","href":"https:\/\/api.w.org\/{rel}","templated":true}]}}