{"id":87973,"date":"2024-02-18T23:47:22","date_gmt":"2024-02-18T23:47:22","guid":{"rendered":"http:\/\/noticiastelered.com\/PortalDNoticias\/?p=87973"},"modified":"2024-02-18T23:47:23","modified_gmt":"2024-02-18T23:47:23","slug":"familiares-de-desaparecidos-por-la-marina-siguen-en-lucha-de-justicia-hoy-se-cumplen-6-anos","status":"publish","type":"post","link":"http:\/\/noticiastelered.com\/PortalDNoticias\/familiares-de-desaparecidos-por-la-marina-siguen-en-lucha-de-justicia-hoy-se-cumplen-6-anos\/","title":{"rendered":"FAMILIARES DE DESAPARECIDOS POR LA MARINA SIGUEN EN LUCHA DE JUSTICIA; HOY SE CUMPLEN 6 A\u00d1OS\u00a0"},"content":{"rendered":"\n<p>Nuevo Laredo, Tamaulipas.- Exigiendo justicia y para recordarlos, familiares de&nbsp;&nbsp;No\u00e9 Ignacio Alf\u00e9rez, Jonathan Ballesteros y Julio C\u00e9sar Viramontes, j\u00f3venes desaparecidos por los&nbsp;&nbsp;elementos de la Secretar\u00eda de la Marina, se reunieron en el memorial dedicado a las v\u00edctimas del ej\u00e9rcito mexicano en la Plaza Primero de Mayo este d\u00eda que se cumplen 6 a\u00f1os desde que fueron privados de su libertad en donde hasta el momento no han tenido respuesta&nbsp;&nbsp;por parte de las autoridades mexicanas.&nbsp;<\/p>\n\n\n\n<p>La se\u00f1ora Erika Arrando, madre de Julio C\u00e9sar, mencion\u00f3 que desde hace a\u00f1os ha estado buscando a su hijo para poderlo encontrar pero a pesar de su intensa lucha no ha conseguido respuestas a\u00fan teniendo pruebas contundentes contra la Marina.&nbsp;<\/p>\n\n\n\n<p>\u201cHemos hecho de&nbsp;&nbsp;todo y contra todo, incluso contra el mismo presidente de M\u00e9xico pero nos han demostrado que nuestro esfuerzo no sirve de nada&nbsp;&nbsp;porque a pesar de tener pruebas que fue la Marina quien se llev\u00f3 a nuestros hijos, no nos han dado respuesta porque la impunidad y la corrupci\u00f3n est\u00e1 contra nosotros y aunque tengamos las pruebas en nuestras manos ellos no hacen nada, la \u00fanica \u201crespuesta\u201d que hemos tenido es que el cuerpo de otros j\u00f3venes los han entregado \u201d, coment\u00f3.&nbsp;<\/p>\n\n\n\n<p>Mar\u00eda del Rosario Navarro Luna, madre de otro de los j\u00f3venes desaparecidos denunci\u00f3 la ineficacia de la PGR en este caso as\u00ed como evidenci\u00f3 que testigos de este suceso han sido amenazadas por querer dar su versi\u00f3n de los hechos.&nbsp;<\/p>\n\n\n\n<p>\u201cEl se fue hace 6 a\u00f1os desde que la Marina se lo llev\u00f3, yo estoy muy molesta con la PGR porque no han hecho el trabajo que se les ha encomendado hacer y me han dicho que amenazan a mis testigos, por eso pido que la Marina nos diga d\u00f3nde est\u00e1n nuestros hijos y queremos saber que hicieron con ellos ya son&nbsp;&nbsp;6 a\u00f1os de impunidad\u201d, mencion\u00f3.&nbsp;<\/p>\n\n\n\n<p>Por su parte la se\u00f1ora Ana Esperanza Torres Reyes, hermana de Margarita Torres Reyna, asesinada y torturada por elementos de la Marina el 16 de abril del 2018 exigi\u00f3 a las autoridades justicia para que halla un castigo para las personas que cometieron estos lamentables hechos en donde mataron y desaparecieron a inocentes.&nbsp;<\/p>\n\n\n\n<p>\u201cEn este a\u00f1o mi hermana estuviera cumpliendo 27 a\u00f1os de vida pero desgraciadamente no se pudo, no hay palabras para explicar lo que es pasar por esto, el 16 de abril se la llevaron y el 10 de mayo de ese mismo a\u00f1o la encontraron sin vida amarrada y torturada. Les exigimos a las autoridades que hagan algo y que nos den una respuesta, ya son 6 a\u00f1os\u201d, afirm\u00f3.&nbsp;<\/p>\n\n\n\n<p>A pesar de que en este caso se cuenta con evidencias y testigos las autoridades mexicanas no han dado respuesta a los familiares sobre el paradero de las v\u00edctimas o los cuerpos de estos si es que existen.<\/p>\n","protected":false},"excerpt":{"rendered":"<p>Nuevo Laredo, Tamaulipas.- Exigiendo justicia y para recordarlos, familiares de&nbsp;&nbsp;No\u00e9 Ignacio Alf\u00e9rez, Jonathan Ballesteros y Julio C\u00e9sar Viramontes, j\u00f3venes desaparecidos por los&nbsp;&nbsp;elementos de la Secretar\u00eda de la Marina, se reunieron en el memorial dedicado a las v\u00edctimas del ej\u00e9rcito mexicano [&hellip;]<\/p>\n","protected":false},"author":7,"featured_media":87976,"comment_status":"open","ping_status":"open","sticky":false,"template":"","format":"standard","meta":[],"categories":[63,77,59],"tags":[],"_links":{"self":[{"href":"http:\/\/noticiastelered.com\/PortalDNoticias\/wp-json\/wp\/v2\/posts\/87973"}],"collection":[{"href":"http:\/\/noticiastelered.com\/PortalDNoticias\/wp-json\/wp\/v2\/posts"}],"about":[{"href":"http:\/\/noticiastelered.com\/PortalDNoticias\/wp-json\/wp\/v2\/types\/post"}],"author":[{"embeddable":true,"href":"http:\/\/noticiastelered.com\/PortalDNoticias\/wp-json\/wp\/v2\/users\/7"}],"replies":[{"embeddable":true,"href":"http:\/\/noticiastelered.com\/PortalDNoticias\/wp-json\/wp\/v2\/comments?post=87973"}],"version-history":[{"count":1,"href":"http:\/\/noticiastelered.com\/PortalDNoticias\/wp-json\/wp\/v2\/posts\/87973\/revisions"}],"predecessor-version":[{"id":87977,"href":"http:\/\/noticiastelered.com\/PortalDNoticias\/wp-json\/wp\/v2\/posts\/87973\/revisions\/87977"}],"wp:featuredmedia":[{"embeddable":true,"href":"http:\/\/noticiastelered.com\/PortalDNoticias\/wp-json\/wp\/v2\/media\/87976"}],"wp:attachment":[{"href":"http:\/\/noticiastelered.com\/PortalDNoticias\/wp-json\/wp\/v2\/media?parent=87973"}],"wp:term":[{"taxonomy":"category","embeddable":true,"href":"http:\/\/noticiastelered.com\/PortalDNoticias\/wp-json\/wp\/v2\/categories?post=87973"},{"taxonomy":"post_tag","embeddable":true,"href":"http:\/\/noticiastelered.com\/PortalDNoticias\/wp-json\/wp\/v2\/tags?post=87973"}],"curies":[{"name":"wp","href":"https:\/\/api.w.org\/{rel}","templated":true}]}}