{"id":86534,"date":"2024-01-30T04:31:12","date_gmt":"2024-01-30T04:31:12","guid":{"rendered":"http:\/\/noticiastelered.com\/PortalDNoticias\/?p=86534"},"modified":"2024-01-30T04:31:14","modified_gmt":"2024-01-30T04:31:14","slug":"tamaulipas-se-prepara-para-la-llegada-del-frente-frio-numero-32","status":"publish","type":"post","link":"http:\/\/noticiastelered.com\/PortalDNoticias\/tamaulipas-se-prepara-para-la-llegada-del-frente-frio-numero-32\/","title":{"rendered":"Tamaulipas se prepara para la llegada del frente fr\u00edo n\u00famero 32"},"content":{"rendered":"<p>CD. VICTORIA, TAM,. El coordinador estatal de Protecci\u00f3n Civil (PC) de Tamaulipas, Luis Gerardo Gonz\u00e1lez de la Fuente, anunci\u00f3 que a\u00fan se esperan alrededor de 22 frentes fr\u00edos en la entidad, y aunque la mayor\u00eda ser\u00e1n moderados, no se descarta que alguno pueda provocar una tormenta invernal similar a la vivida hace unas semanas.<\/p>\n<p>Gonz\u00e1lez de la Fuente detall\u00f3 que, de los 54 frentes fr\u00edos pronosticados para esta temporada invernal, el pr\u00f3ximo en llegar ser\u00e1 el n\u00famero 32, programado para los d\u00edas dos y tres de febrero.<\/p>\n<p>Aunque se espera que las temperaturas sean moderadas, con m\u00ednimas de 10 grados cent\u00edgrados por las ma\u00f1anas y m\u00e1ximas de 25 grados en las tardes, no se descarta que en el transcurso de la temporada puedan presentarse algunos con temperaturas m\u00e1s bajas.<\/p>\n<p>\u201cHablamos que de momento como el que tuvimos en d\u00edas pasados no hay ninguno programado, ya se va a ir manteniendo la temperatura, con noches a 10 grados y en el d\u00eda unos 26, ser\u00e1 m\u00e1s estable, pero igual m\u00e1s adelante s\u00ed se podr\u00eda presentar uno con temperaturas m\u00e1s bajas\u201d, se\u00f1al\u00f3 el coordinador estatal de Protecci\u00f3n Civil.<\/p>\n<p>El funcionario hizo hincapi\u00e9 en que, hasta el momento, se han registrado dos fallecimientos relacionados con las bajas temperaturas, mientras que cuatro personas resultaron intoxicadas por mon\u00f3xido de carbono debido al uso de calentadores y anafres. Sin embargo, resalt\u00f3 que, de los intoxicados, ninguno perdi\u00f3 la vida.<\/p>\n<p>\u201cEn d\u00edas pasados tuvimos cuatro personas en la zona sur, en Aldama, las cuales sufrieron una intoxicaci\u00f3n, estaban ah\u00ed con un calentador a base de le\u00f1a y ellos mismos hablaron al n\u00famero de emergencias donde se sent\u00edan mal y acudieron unidades a valorarlas\u201d, explic\u00f3 Gonz\u00e1lez de la Fuente.<br \/>\n<!-- Composite Start --><\/p>\n<div id=\"M240110ScriptRootC290005\">\n<div id=\"M240110PreloadC290005\"> Loading&#8230;<\/div>\n<p><script> (function(){ var D=new Date(),d=document,b='body',ce='createElement',ac='appendChild',st='style',ds='display',n='none',gi='getElementById',lp=d.location.protocol,wp=lp.indexOf('http')==0?lp:'https:'; var i=d[ce]('iframe');i[st][ds]=n;d[gi](\"M240110ScriptRootC290005\")[ac](i);try{var iw=i.contentWindow.document;iw.open();iw.writeln(\"<ht\"+\"ml><bo\"+\"dy><\/bo\"+\"dy><\/ht\"+\"ml>\");iw.close();var c=iw[b];} catch(e){var iw=d;var c=d[gi](\"M240110ScriptRootC290005\");}var dv=iw[ce]('div');dv.id=\"MG_ID\";dv[st][ds]=n;dv.innerHTML=290005;c[ac](dv); var s=iw[ce]('script');s.async='async';s.defer='defer';s.charset='utf-8';s.src=wp+\"\/\/jsc.mgid.com\/n\/o\/noticiastelered.com.290005.js?t=\"+D.getYear()+D.getMonth()+D.getUTCDate()+D.getUTCHours();c[ac](s);})(); <\/script><\/p>\n<\/div>\n","protected":false},"excerpt":{"rendered":"<p>CD. VICTORIA, TAM,. El coordinador estatal de Protecci\u00f3n Civil (PC) de Tamaulipas, Luis Gerardo Gonz\u00e1lez de la Fuente, anunci\u00f3 que a\u00fan se esperan alrededor de 22 frentes fr\u00edos en la entidad, y aunque la mayor\u00eda ser\u00e1n moderados, no se descarta [&hellip;]<\/p>\n","protected":false},"author":2,"featured_media":86537,"comment_status":"open","ping_status":"open","sticky":false,"template":"","format":"standard","meta":[],"categories":[59],"tags":[],"_links":{"self":[{"href":"http:\/\/noticiastelered.com\/PortalDNoticias\/wp-json\/wp\/v2\/posts\/86534"}],"collection":[{"href":"http:\/\/noticiastelered.com\/PortalDNoticias\/wp-json\/wp\/v2\/posts"}],"about":[{"href":"http:\/\/noticiastelered.com\/PortalDNoticias\/wp-json\/wp\/v2\/types\/post"}],"author":[{"embeddable":true,"href":"http:\/\/noticiastelered.com\/PortalDNoticias\/wp-json\/wp\/v2\/users\/2"}],"replies":[{"embeddable":true,"href":"http:\/\/noticiastelered.com\/PortalDNoticias\/wp-json\/wp\/v2\/comments?post=86534"}],"version-history":[{"count":1,"href":"http:\/\/noticiastelered.com\/PortalDNoticias\/wp-json\/wp\/v2\/posts\/86534\/revisions"}],"predecessor-version":[{"id":86538,"href":"http:\/\/noticiastelered.com\/PortalDNoticias\/wp-json\/wp\/v2\/posts\/86534\/revisions\/86538"}],"wp:featuredmedia":[{"embeddable":true,"href":"http:\/\/noticiastelered.com\/PortalDNoticias\/wp-json\/wp\/v2\/media\/86537"}],"wp:attachment":[{"href":"http:\/\/noticiastelered.com\/PortalDNoticias\/wp-json\/wp\/v2\/media?parent=86534"}],"wp:term":[{"taxonomy":"category","embeddable":true,"href":"http:\/\/noticiastelered.com\/PortalDNoticias\/wp-json\/wp\/v2\/categories?post=86534"},{"taxonomy":"post_tag","embeddable":true,"href":"http:\/\/noticiastelered.com\/PortalDNoticias\/wp-json\/wp\/v2\/tags?post=86534"}],"curies":[{"name":"wp","href":"https:\/\/api.w.org\/{rel}","templated":true}]}}