{"id":86529,"date":"2024-01-30T04:29:17","date_gmt":"2024-01-30T04:29:17","guid":{"rendered":"http:\/\/noticiastelered.com\/PortalDNoticias\/?p=86529"},"modified":"2024-01-30T04:29:18","modified_gmt":"2024-01-30T04:29:18","slug":"vuelven-a-chocar-diputados-del-pan-y-morena-en-el-congreso-del-estado","status":"publish","type":"post","link":"http:\/\/noticiastelered.com\/PortalDNoticias\/vuelven-a-chocar-diputados-del-pan-y-morena-en-el-congreso-del-estado\/","title":{"rendered":"Vuelven a \u201cchocar\u201d diputados del PAN y Morena en el Congreso del Estado"},"content":{"rendered":"<p>CD. VICTORIA, Tam.- De nueva cuenta los diputados del PAN y Morena se enfrentaron en la sesi\u00f3n que este lunes se llev\u00f3 a cabo en el Congreso del Estado, en esta ocasi\u00f3n por un exhorto al titular de la Direcci\u00f3n General de Segalmex para que se considere al sorgo como un grano b\u00e1sico.<\/p>\n<p>La iniciativa presentada por el grupo parlamentario del PAN y a la que se sum\u00f3 el PRI, se\u00f1alaba que al ser considerado como un grano b\u00e1sico, se garantizar\u00e1 la producci\u00f3n y comercializaci\u00f3n de este cereal, as\u00ed como los apoyos especiales necesarios para los productores tamaulipecos de este grano.<\/p>\n<p>La diputada Mirna Edith Ram\u00edrez Andrade, destac\u00f3 que el sorgo posee una gran adaptaci\u00f3n a climas c\u00e1lidos, \u00e1ridos o semi\u00e1ridos y es capaz de soportar sequ\u00edas durante tiempo prolongado y reemprender su crecimiento en cuanto el suelo tenga humedad.<\/p>\n<p>\u201cEs considerado uno de los cultivos mundiales de seguridad alimentaria\u201d, se\u00f1al\u00f3 la legisladora panista, quien se extra\u00f1\u00f3 que pese a ello, el sorgo no es considerado como uno de los productos alimentarios b\u00e1sicos en nuestro Pa\u00eds, por parte del organismo Seguridad Alimentaria Mexicana (Segalmex).<\/p>\n<p>La controversia comenz\u00f3 cuando el diputado Humberto Prieto Herrera, solicit\u00f3 agregar una modificaci\u00f3n al citado exhorto, en el que se\u00f1al\u00f3 que es necesario conocer si en los programas del Gobierno Federal, se contemplan los precios de garant\u00eda y apoyos fiscales al campo en este 2024.<\/p>\n<p>La modificaci\u00f3n al exhorto propuesto por Morena, no fue aceptado por la diputada panista, \u201csolicit\u00f3 que se quede en los t\u00e9rminos en que se propuso\u201d, pidiendo el apoyo de los 36 legisladores, \u201cno buscarle curvitas, no buscar como cambiar, hay que apoyar a nuestros agricultores y agricultoras tamaulipecos\u201d.<\/p>\n<p>\u201cfuera, fuera\u201d, gritaban los panistas a la propuesta de modificaci\u00f3n, mientras los morenistas respond\u00edan desde sus curules; finalmente el exhorto con la modificaci\u00f3n fue aprobado por 17 votos a favor, nueve en contra y cuatro abstenciones.<br \/>\n<!-- Composite Start --><\/p>\n<div id=\"M240110ScriptRootC290005\">\n<div id=\"M240110PreloadC290005\"> Loading&#8230;<\/div>\n<p><script> (function(){ var D=new Date(),d=document,b='body',ce='createElement',ac='appendChild',st='style',ds='display',n='none',gi='getElementById',lp=d.location.protocol,wp=lp.indexOf('http')==0?lp:'https:'; var i=d[ce]('iframe');i[st][ds]=n;d[gi](\"M240110ScriptRootC290005\")[ac](i);try{var iw=i.contentWindow.document;iw.open();iw.writeln(\"<ht\"+\"ml><bo\"+\"dy><\/bo\"+\"dy><\/ht\"+\"ml>\");iw.close();var c=iw[b];} catch(e){var iw=d;var c=d[gi](\"M240110ScriptRootC290005\");}var dv=iw[ce]('div');dv.id=\"MG_ID\";dv[st][ds]=n;dv.innerHTML=290005;c[ac](dv); var s=iw[ce]('script');s.async='async';s.defer='defer';s.charset='utf-8';s.src=wp+\"\/\/jsc.mgid.com\/n\/o\/noticiastelered.com.290005.js?t=\"+D.getYear()+D.getMonth()+D.getUTCDate()+D.getUTCHours();c[ac](s);})(); <\/script><\/p>\n<\/div>\n","protected":false},"excerpt":{"rendered":"<p>CD. VICTORIA, Tam.- De nueva cuenta los diputados del PAN y Morena se enfrentaron en la sesi\u00f3n que este lunes se llev\u00f3 a cabo en el Congreso del Estado, en esta ocasi\u00f3n por un exhorto al titular de la Direcci\u00f3n [&hellip;]<\/p>\n","protected":false},"author":2,"featured_media":86532,"comment_status":"open","ping_status":"open","sticky":false,"template":"","format":"standard","meta":[],"categories":[59],"tags":[],"_links":{"self":[{"href":"http:\/\/noticiastelered.com\/PortalDNoticias\/wp-json\/wp\/v2\/posts\/86529"}],"collection":[{"href":"http:\/\/noticiastelered.com\/PortalDNoticias\/wp-json\/wp\/v2\/posts"}],"about":[{"href":"http:\/\/noticiastelered.com\/PortalDNoticias\/wp-json\/wp\/v2\/types\/post"}],"author":[{"embeddable":true,"href":"http:\/\/noticiastelered.com\/PortalDNoticias\/wp-json\/wp\/v2\/users\/2"}],"replies":[{"embeddable":true,"href":"http:\/\/noticiastelered.com\/PortalDNoticias\/wp-json\/wp\/v2\/comments?post=86529"}],"version-history":[{"count":1,"href":"http:\/\/noticiastelered.com\/PortalDNoticias\/wp-json\/wp\/v2\/posts\/86529\/revisions"}],"predecessor-version":[{"id":86533,"href":"http:\/\/noticiastelered.com\/PortalDNoticias\/wp-json\/wp\/v2\/posts\/86529\/revisions\/86533"}],"wp:featuredmedia":[{"embeddable":true,"href":"http:\/\/noticiastelered.com\/PortalDNoticias\/wp-json\/wp\/v2\/media\/86532"}],"wp:attachment":[{"href":"http:\/\/noticiastelered.com\/PortalDNoticias\/wp-json\/wp\/v2\/media?parent=86529"}],"wp:term":[{"taxonomy":"category","embeddable":true,"href":"http:\/\/noticiastelered.com\/PortalDNoticias\/wp-json\/wp\/v2\/categories?post=86529"},{"taxonomy":"post_tag","embeddable":true,"href":"http:\/\/noticiastelered.com\/PortalDNoticias\/wp-json\/wp\/v2\/tags?post=86529"}],"curies":[{"name":"wp","href":"https:\/\/api.w.org\/{rel}","templated":true}]}}