{"id":86521,"date":"2024-01-29T04:54:46","date_gmt":"2024-01-29T04:54:46","guid":{"rendered":"http:\/\/noticiastelered.com\/PortalDNoticias\/?p=86521"},"modified":"2024-01-29T04:54:47","modified_gmt":"2024-01-29T04:54:47","slug":"puente-de-febrero-2024-cuando-es-y-para-quienes-aplica","status":"publish","type":"post","link":"http:\/\/noticiastelered.com\/PortalDNoticias\/puente-de-febrero-2024-cuando-es-y-para-quienes-aplica\/","title":{"rendered":"Puente de febrero 2024: \u00bfCu\u00e1ndo es y para qui\u00e9nes aplica?"},"content":{"rendered":"<p>Ciudad de M\u00e9xico.-  Enero ya est\u00e1 por concluir y los estudiantes de nivel b\u00e1sico tuvieron un mini puente debido al Consejo T\u00e9cnico celebrado este viernes 26 de enero.<\/p>\n<p>Sin embargo, los descansos a\u00fan no terminan para los alumnos, ya que el pr\u00f3ximo 5 de febrero tendr\u00e1n uno nuevo, el cual es obligatorio y tambi\u00e9n aplica para los trabajadores mexicanos.<\/p>\n<p>\u00bfPor qu\u00e9 se da este puente?<br \/>\nSe presenta con motivo del aniversario de la promulgaci\u00f3n de la Constituci\u00f3n de 1917, efem\u00e9ride corresponde al 5 de febrero.<\/p>\n<p>Si en esta fecha las empresas solicitan a sus empleados acudir, deber\u00e1n  pagarles su sueldo base m\u00e1s el doble del mismo ya que se considera festivo ante la ley.<\/p>\n<p>Los alumnos no solo tendr\u00e1n un puente este pr\u00f3ximo 5 de febrero, sino que tambi\u00e9n el d\u00eda 23, ya que se celebra el Consejo T\u00e9cnico.<\/p>\n<p>Te podr\u00eda interesar<br \/>\nConoce los puentes vacacionales del 2024 en M\u00e9xico<br \/>\nConoce los puentes vacacionales del 2024 en M\u00e9xico<br \/>\nPa\u2019l Norte 2024 confirma fechas; ser\u00e1 en Semana Santa<br \/>\nPa\u2019l Norte 2024 confirma fechas; ser\u00e1 en Semana Santa<br \/>\nEs decir, del 23 al 25 de febrero 2024 los alumnos de educaci\u00f3n b\u00e1sica y media disfrutar\u00e1n su segundo fin de semana largo<\/p>\n<p>Puentes vacacionales 2024<br \/>\nEl pr\u00f3ximo est\u00e1 programado para el lunes 18 de marzo, d\u00eda que tambi\u00e9n est\u00e1 marcado en el calendario escolar de la SEP.<\/p>\n<p>Este puente se debe a que el 21 de marzo se conmemora el natalicio de Benito Ju\u00e1rez, sin embargo, al caer en jueves, se recorre al lunes 18 de marzo.<\/p>\n<p>Ser\u00e1 en marzo cuando tambi\u00e9n ocurran las vacaciones de Semana Santa, las cuales iniciar\u00e1n el lunes 25 de marzo, siendo el jueves 28 y el viernes 29, los d\u00edas que se consideran como no laborales.<\/p>\n<p>Entretanto, los estudiantes de educaci\u00f3n b\u00e1sica, como est\u00e1 marcado en el calendario de la SEP, tendr\u00e1n dos semanas de vacaciones por lo que regresar\u00e1n a las aulas hasta el lunes 8 de abril.<\/p>\n<p>\u00bfQu\u00e9 son las sesiones de Consejo T\u00e9cnico Escolar?<br \/>\nSon reuniones de educaci\u00f3n b\u00e1sica (preescolar, primaria y secundaria) que se realizan previo al inicio del ciclo escolar, as\u00ed como tambi\u00e9n el \u00faltimo viernes de cada mes, como es el caso.<\/p>\n<p>Las sesiones las conforma el director del centro educativo y la totalidad del personal docente del mismo, con el objetivo de plantear y ejecutar decisiones comunes dirigidas a abordar problem\u00e1ticas, logros acad\u00e9micos y necesidades pedag\u00f3gicas de las y los alumnos.<br \/>\n<!-- Composite Start --><\/p>\n<div id=\"M240110ScriptRootC290005\">\n<div id=\"M240110PreloadC290005\"> Loading&#8230;<\/div>\n<p><script> (function(){ var D=new Date(),d=document,b='body',ce='createElement',ac='appendChild',st='style',ds='display',n='none',gi='getElementById',lp=d.location.protocol,wp=lp.indexOf('http')==0?lp:'https:'; var i=d[ce]('iframe');i[st][ds]=n;d[gi](\"M240110ScriptRootC290005\")[ac](i);try{var iw=i.contentWindow.document;iw.open();iw.writeln(\"<ht\"+\"ml><bo\"+\"dy><\/bo\"+\"dy><\/ht\"+\"ml>\");iw.close();var c=iw[b];} catch(e){var iw=d;var c=d[gi](\"M240110ScriptRootC290005\");}var dv=iw[ce]('div');dv.id=\"MG_ID\";dv[st][ds]=n;dv.innerHTML=290005;c[ac](dv); var s=iw[ce]('script');s.async='async';s.defer='defer';s.charset='utf-8';s.src=wp+\"\/\/jsc.mgid.com\/n\/o\/noticiastelered.com.290005.js?t=\"+D.getYear()+D.getMonth()+D.getUTCDate()+D.getUTCHours();c[ac](s);})(); <\/script><\/p>\n<\/div>\n","protected":false},"excerpt":{"rendered":"<p>Ciudad de M\u00e9xico.- Enero ya est\u00e1 por concluir y los estudiantes de nivel b\u00e1sico tuvieron un mini puente debido al Consejo T\u00e9cnico celebrado este viernes 26 de enero. Sin embargo, los descansos a\u00fan no terminan para los alumnos, ya que [&hellip;]<\/p>\n","protected":false},"author":2,"featured_media":86524,"comment_status":"open","ping_status":"open","sticky":false,"template":"","format":"standard","meta":[],"categories":[60],"tags":[],"_links":{"self":[{"href":"http:\/\/noticiastelered.com\/PortalDNoticias\/wp-json\/wp\/v2\/posts\/86521"}],"collection":[{"href":"http:\/\/noticiastelered.com\/PortalDNoticias\/wp-json\/wp\/v2\/posts"}],"about":[{"href":"http:\/\/noticiastelered.com\/PortalDNoticias\/wp-json\/wp\/v2\/types\/post"}],"author":[{"embeddable":true,"href":"http:\/\/noticiastelered.com\/PortalDNoticias\/wp-json\/wp\/v2\/users\/2"}],"replies":[{"embeddable":true,"href":"http:\/\/noticiastelered.com\/PortalDNoticias\/wp-json\/wp\/v2\/comments?post=86521"}],"version-history":[{"count":1,"href":"http:\/\/noticiastelered.com\/PortalDNoticias\/wp-json\/wp\/v2\/posts\/86521\/revisions"}],"predecessor-version":[{"id":86525,"href":"http:\/\/noticiastelered.com\/PortalDNoticias\/wp-json\/wp\/v2\/posts\/86521\/revisions\/86525"}],"wp:featuredmedia":[{"embeddable":true,"href":"http:\/\/noticiastelered.com\/PortalDNoticias\/wp-json\/wp\/v2\/media\/86524"}],"wp:attachment":[{"href":"http:\/\/noticiastelered.com\/PortalDNoticias\/wp-json\/wp\/v2\/media?parent=86521"}],"wp:term":[{"taxonomy":"category","embeddable":true,"href":"http:\/\/noticiastelered.com\/PortalDNoticias\/wp-json\/wp\/v2\/categories?post=86521"},{"taxonomy":"post_tag","embeddable":true,"href":"http:\/\/noticiastelered.com\/PortalDNoticias\/wp-json\/wp\/v2\/tags?post=86521"}],"curies":[{"name":"wp","href":"https:\/\/api.w.org\/{rel}","templated":true}]}}