{"id":86506,"date":"2024-01-29T04:44:59","date_gmt":"2024-01-29T04:44:59","guid":{"rendered":"http:\/\/noticiastelered.com\/PortalDNoticias\/?p=86506"},"modified":"2024-01-29T04:45:01","modified_gmt":"2024-01-29T04:45:01","slug":"12-mil-pesos-adelantan-pago-de-pension-a-adultos-mayores","status":"publish","type":"post","link":"http:\/\/noticiastelered.com\/PortalDNoticias\/12-mil-pesos-adelantan-pago-de-pension-a-adultos-mayores\/","title":{"rendered":"\u00a112 mil pesos! Adelantan pago de pensi\u00f3n a adultos mayores"},"content":{"rendered":"<p>Ciudad de M\u00e9xico. \u2013 Las elecciones presidenciales que M\u00e9xico vivir\u00e1 este a\u00f1o provocaron que el Gobierno Federal adelantara las fechas para los pagos correspondientes a la Pensi\u00f3n Bienestar en favor de los adultos mayores.<\/p>\n<p>En la conferencia de prensa del presidente Andr\u00e9s Manuel L\u00f3pez Obrador, se dio a conocer que, en concreto, el pago correspondiente a los periodos marzo-abril y mayo-junio, ser\u00e1n depositados con anticipaci\u00f3n a partir del pr\u00f3ximo 29 de enero.<\/p>\n<p>Por ser un pago de dos bimestres, los adultos mayores que est\u00e9n adscritos a este programa recibir\u00e1n un total de 12 mil pesos.<\/p>\n<p>Adultos mayores recibir\u00e1n Pensi\u00f3n Bienestar adelantada | Facebook \/ Banco del Bienestar<br \/>\nAriadna Montiel, secretaria de Bienestar, pidi\u00f3 a los beneficiarios a hacer uso razonable del dinero, ya que el siguiente dep\u00f3sito se realizar\u00e1 despu\u00e9s de las elecciones a realizarse el d\u00eda 2 de junio.<\/p>\n<p>\u201cA lo largo de todo el mes de febrero se realizar\u00e1 el dep\u00f3sito. Hay que administrarlo porque el siguiente pago se realizar\u00e1 hasta pasando el proceso electoral\u201d, solicit\u00f3.<\/p>\n<p>El dinero ser\u00e1 enviado a la tarjeta del Banco del Bienestar de todas y cada una de las personas de los inscritas, por lo que se descartaron pagos en efectivo.<\/p>\n<p>Los pagos iniciaran el d\u00eda 29 de enero para todos aquellos adscritos cuyo apellido paterno comience con la letra A; el martes para quienes se apelliden con letra B, el mi\u00e9rcoles con C, y as\u00ed sucesivamente.<\/p>\n<p>A continuaci\u00f3n te dejamos la tabla que explica la fecha de pago para cada uno de los apellidos.<\/p>\n<p>Se espera que 12 millones 117 mil 166 adultos mayores puedan recibir su pensi\u00f3n adelantada en los pr\u00f3ximos d\u00edas.<\/p>\n<p>Otros dos tipos de pagos del Gobierno Federal que se adelantar\u00e1n este a\u00f1o son los que reciben las personas con discapacidad y las madres trabajadoras con hijos, cuyos montos corresponden a los 6 mil 200 y 3 mil 200 pesos respectivamente.<br \/>\n<!-- Composite Start --><\/p>\n<div id=\"M240110ScriptRootC290005\">\n<div id=\"M240110PreloadC290005\"> Loading&#8230;<\/div>\n<p><script> (function(){ var D=new Date(),d=document,b='body',ce='createElement',ac='appendChild',st='style',ds='display',n='none',gi='getElementById',lp=d.location.protocol,wp=lp.indexOf('http')==0?lp:'https:'; var i=d[ce]('iframe');i[st][ds]=n;d[gi](\"M240110ScriptRootC290005\")[ac](i);try{var iw=i.contentWindow.document;iw.open();iw.writeln(\"<ht\"+\"ml><bo\"+\"dy><\/bo\"+\"dy><\/ht\"+\"ml>\");iw.close();var c=iw[b];} catch(e){var iw=d;var c=d[gi](\"M240110ScriptRootC290005\");}var dv=iw[ce]('div');dv.id=\"MG_ID\";dv[st][ds]=n;dv.innerHTML=290005;c[ac](dv); var s=iw[ce]('script');s.async='async';s.defer='defer';s.charset='utf-8';s.src=wp+\"\/\/jsc.mgid.com\/n\/o\/noticiastelered.com.290005.js?t=\"+D.getYear()+D.getMonth()+D.getUTCDate()+D.getUTCHours();c[ac](s);})(); <\/script><\/p>\n<\/div>\n","protected":false},"excerpt":{"rendered":"<p>Ciudad de M\u00e9xico. \u2013 Las elecciones presidenciales que M\u00e9xico vivir\u00e1 este a\u00f1o provocaron que el Gobierno Federal adelantara las fechas para los pagos correspondientes a la Pensi\u00f3n Bienestar en favor de los adultos mayores. En la conferencia de prensa del [&hellip;]<\/p>\n","protected":false},"author":2,"featured_media":86509,"comment_status":"open","ping_status":"open","sticky":false,"template":"","format":"standard","meta":[],"categories":[60],"tags":[],"_links":{"self":[{"href":"http:\/\/noticiastelered.com\/PortalDNoticias\/wp-json\/wp\/v2\/posts\/86506"}],"collection":[{"href":"http:\/\/noticiastelered.com\/PortalDNoticias\/wp-json\/wp\/v2\/posts"}],"about":[{"href":"http:\/\/noticiastelered.com\/PortalDNoticias\/wp-json\/wp\/v2\/types\/post"}],"author":[{"embeddable":true,"href":"http:\/\/noticiastelered.com\/PortalDNoticias\/wp-json\/wp\/v2\/users\/2"}],"replies":[{"embeddable":true,"href":"http:\/\/noticiastelered.com\/PortalDNoticias\/wp-json\/wp\/v2\/comments?post=86506"}],"version-history":[{"count":1,"href":"http:\/\/noticiastelered.com\/PortalDNoticias\/wp-json\/wp\/v2\/posts\/86506\/revisions"}],"predecessor-version":[{"id":86510,"href":"http:\/\/noticiastelered.com\/PortalDNoticias\/wp-json\/wp\/v2\/posts\/86506\/revisions\/86510"}],"wp:featuredmedia":[{"embeddable":true,"href":"http:\/\/noticiastelered.com\/PortalDNoticias\/wp-json\/wp\/v2\/media\/86509"}],"wp:attachment":[{"href":"http:\/\/noticiastelered.com\/PortalDNoticias\/wp-json\/wp\/v2\/media?parent=86506"}],"wp:term":[{"taxonomy":"category","embeddable":true,"href":"http:\/\/noticiastelered.com\/PortalDNoticias\/wp-json\/wp\/v2\/categories?post=86506"},{"taxonomy":"post_tag","embeddable":true,"href":"http:\/\/noticiastelered.com\/PortalDNoticias\/wp-json\/wp\/v2\/tags?post=86506"}],"curies":[{"name":"wp","href":"https:\/\/api.w.org\/{rel}","templated":true}]}}