{"id":86456,"date":"2024-01-29T04:18:47","date_gmt":"2024-01-29T04:18:47","guid":{"rendered":"http:\/\/noticiastelered.com\/PortalDNoticias\/?p=86456"},"modified":"2024-01-29T04:18:48","modified_gmt":"2024-01-29T04:18:48","slug":"edith-marquez-revela-la-violencia-que-vivio-en-timbiriche","status":"publish","type":"post","link":"http:\/\/noticiastelered.com\/PortalDNoticias\/edith-marquez-revela-la-violencia-que-vivio-en-timbiriche\/","title":{"rendered":"Edith M\u00e1rquez revela la violencia que vivi\u00f3 en Timbiriche"},"content":{"rendered":"<p>A pesar de que llegar a grandes plataformas de \u00e9xito profesional podr\u00eda parecer un sue\u00f1o perfecto hecho realidad, lo cierto es que muchas veces la vida de fama o dinero no es tan gloriosa como se puede llegar a imaginar y eso fue precisamente lo que le pas\u00f3 a Edith M\u00e1rquez.<\/p>\n<p>A pesar de que la cantante mexicana originaria de puebla es actualmente reconocida como una estrella dentro el gremio musical y cuenta con una destacada trayectoria que le avala, lo cierto es que al inicio de su carrera le toc\u00f3 atravesar momentos muy duros, esto debido a que en sus primeros a\u00f1os sobre los escenarios fue v\u00edctima de discriminaci\u00f3n, malos tratos y bullying por parte de compa\u00f1eros o staff de Timbiriche.<\/p>\n<p>Edith M\u00e1rquez fue v\u00edctima de bullying al inicio de su carrera<br \/>\nActualmente, M\u00e1rquez es una mujer de 51 a\u00f1os, trabajadora y profesional, con un car\u00e1cter formado y una madurez consolidada, sin embargo, en los inicios de su carrera a\u00fan era una joven con lecciones por aprender y con menores herramientas de defensa, motivos que a ella y a millones de personas m\u00e1s las han llevado a ser v\u00edctimas de violencia, malos tratos o bullying.<\/p>\n<p>Fue durante una entrevista con Mara Patricia Casta\u00f1eda que Edith M\u00e1rquez record\u00f3 los diversos abusos que soport\u00f3 en el arranque de su carrera, eso luego de que fue elegida para apoyar a la agrupaci\u00f3n \u201cVaselina\u201d, en donde recib\u00eda burlas en donde la se\u00f1alaban por su situaci\u00f3n econ\u00f3mica de ese momento, cuando era apenas un menor de edad.<br \/>\n<!-- Composite Start --><\/p>\n<div id=\"M240110ScriptRootC290005\">\n<div id=\"M240110PreloadC290005\"> Loading&#8230;<\/div>\n<p><script> (function(){ var D=new Date(),d=document,b='body',ce='createElement',ac='appendChild',st='style',ds='display',n='none',gi='getElementById',lp=d.location.protocol,wp=lp.indexOf('http')==0?lp:'https:'; var i=d[ce]('iframe');i[st][ds]=n;d[gi](\"M240110ScriptRootC290005\")[ac](i);try{var iw=i.contentWindow.document;iw.open();iw.writeln(\"<ht\"+\"ml><bo\"+\"dy><\/bo\"+\"dy><\/ht\"+\"ml>\");iw.close();var c=iw[b];} catch(e){var iw=d;var c=d[gi](\"M240110ScriptRootC290005\");}var dv=iw[ce]('div');dv.id=\"MG_ID\";dv[st][ds]=n;dv.innerHTML=290005;c[ac](dv); var s=iw[ce]('script');s.async='async';s.defer='defer';s.charset='utf-8';s.src=wp+\"\/\/jsc.mgid.com\/n\/o\/noticiastelered.com.290005.js?t=\"+D.getYear()+D.getMonth()+D.getUTCDate()+D.getUTCHours();c[ac](s);})(); <\/script><\/p>\n<\/div>\n","protected":false},"excerpt":{"rendered":"<p>A pesar de que llegar a grandes plataformas de \u00e9xito profesional podr\u00eda parecer un sue\u00f1o perfecto hecho realidad, lo cierto es que muchas veces la vida de fama o dinero no es tan gloriosa como se puede llegar a imaginar [&hellip;]<\/p>\n","protected":false},"author":2,"featured_media":86459,"comment_status":"open","ping_status":"open","sticky":false,"template":"","format":"standard","meta":[],"categories":[66],"tags":[],"_links":{"self":[{"href":"http:\/\/noticiastelered.com\/PortalDNoticias\/wp-json\/wp\/v2\/posts\/86456"}],"collection":[{"href":"http:\/\/noticiastelered.com\/PortalDNoticias\/wp-json\/wp\/v2\/posts"}],"about":[{"href":"http:\/\/noticiastelered.com\/PortalDNoticias\/wp-json\/wp\/v2\/types\/post"}],"author":[{"embeddable":true,"href":"http:\/\/noticiastelered.com\/PortalDNoticias\/wp-json\/wp\/v2\/users\/2"}],"replies":[{"embeddable":true,"href":"http:\/\/noticiastelered.com\/PortalDNoticias\/wp-json\/wp\/v2\/comments?post=86456"}],"version-history":[{"count":1,"href":"http:\/\/noticiastelered.com\/PortalDNoticias\/wp-json\/wp\/v2\/posts\/86456\/revisions"}],"predecessor-version":[{"id":86460,"href":"http:\/\/noticiastelered.com\/PortalDNoticias\/wp-json\/wp\/v2\/posts\/86456\/revisions\/86460"}],"wp:featuredmedia":[{"embeddable":true,"href":"http:\/\/noticiastelered.com\/PortalDNoticias\/wp-json\/wp\/v2\/media\/86459"}],"wp:attachment":[{"href":"http:\/\/noticiastelered.com\/PortalDNoticias\/wp-json\/wp\/v2\/media?parent=86456"}],"wp:term":[{"taxonomy":"category","embeddable":true,"href":"http:\/\/noticiastelered.com\/PortalDNoticias\/wp-json\/wp\/v2\/categories?post=86456"},{"taxonomy":"post_tag","embeddable":true,"href":"http:\/\/noticiastelered.com\/PortalDNoticias\/wp-json\/wp\/v2\/tags?post=86456"}],"curies":[{"name":"wp","href":"https:\/\/api.w.org\/{rel}","templated":true}]}}