{"id":86341,"date":"2024-01-25T18:09:37","date_gmt":"2024-01-25T18:09:37","guid":{"rendered":"http:\/\/noticiastelered.com\/PortalDNoticias\/?p=86341"},"modified":"2024-01-25T18:09:38","modified_gmt":"2024-01-25T18:09:38","slug":"deadpool-3-esta-lista-y-ya-tiene-fecha-de-estreno","status":"publish","type":"post","link":"http:\/\/noticiastelered.com\/PortalDNoticias\/deadpool-3-esta-lista-y-ya-tiene-fecha-de-estreno\/","title":{"rendered":"\u2018Deadpool 3\u2019 est\u00e1 lista y ya tiene fecha de estreno"},"content":{"rendered":"<p>El d\u00eda de hoy hay una buena noticia para fan\u00e1ticos de los superh\u00e9roes, ya que fue revelado que la pel\u00edcula \u2018Deadpool 3\u2019 termin\u00f3 con las grabaciones y, finalmente, se confirm\u00f3 la fecha de estreno, despu\u00e9s de haberse pospuesto en varias ocasiones.<\/p>\n<p>El actor Ryan Reynolds comparti\u00f3 en su cuenta de X, antes Twitter, que despu\u00e9s de los contratiempos por la huelga de actores del SAG-AFTRA, m\u00e1s las dificultades de producci\u00f3n, por fin culminaron las grabaciones de la pel\u00edcula \u2018Deadpool 3\u2019, en la cual es protagonista.<\/p>\n<p>\u201cEl traje esconde la sangre. Tambi\u00e9n sudor\u2026 Pero hoy, con Deadpool envolviendo, son principalmente l\u00e1grimas [\u2026] Siempre, gracias al elenco y al equipo de nuestra pel\u00edcula que lucharon contra el viento, la lluvia, las huelgas\u201d, escribi\u00f3.<\/p>\n<p>De igual manera, Ryan Reynolds agradeci\u00f3 a su colega Hugh Jackman, quien regresar\u00e1 como Logan en la pel\u00edcula \u2018Deadpool 3\u2019, y como muchos vieron en las im\u00e1genes filtradas, usar\u00e1 el traje de Wolverine, de X-Men.<\/p>\n<p>\u00bfCu\u00e1ndo se estrena Deadpool 3?<\/p>\n<p>Adem\u00e1s de revelar que las grabaciones de \u2018Deadpool 3\u2019 hab\u00edan terminado, el actor que interpreta a Wade Wilson, Ryan Reynolds, confirm\u00f3 cu\u00e1ndo ser\u00e1 la fecha de estreno de la cinta.<\/p>\n<p>\u201cTuve que hacer una pel\u00edcula con mis amigos m\u00e1s cercanos y eso no sucede muy a menudo. Nos vemos el 26 de julio\u2026\u201d, escribi\u00f3 Ryan Reynolds.<\/p>\n<p>As\u00ed que, seg\u00fan lo que inform\u00f3, los fan\u00e1ticos del superh\u00e9roe que ama las chimichangas y darle su merecido a los malhechores, sin remordimiento, podr\u00e1n ver el estreno de la pel\u00edcula \u2018Deadpool 3\u2019 el pr\u00f3ximo 26 de julio de 2024, ahora que terminaron de grabar las tomas.<br \/>\n<!-- Composite Start --><\/p>\n<div id=\"M240110ScriptRootC290005\">\n<div id=\"M240110PreloadC290005\"> Loading&#8230;<\/div>\n<p><script> (function(){ var D=new Date(),d=document,b='body',ce='createElement',ac='appendChild',st='style',ds='display',n='none',gi='getElementById',lp=d.location.protocol,wp=lp.indexOf('http')==0?lp:'https:'; var i=d[ce]('iframe');i[st][ds]=n;d[gi](\"M240110ScriptRootC290005\")[ac](i);try{var iw=i.contentWindow.document;iw.open();iw.writeln(\"<ht\"+\"ml><bo\"+\"dy><\/bo\"+\"dy><\/ht\"+\"ml>\");iw.close();var c=iw[b];} catch(e){var iw=d;var c=d[gi](\"M240110ScriptRootC290005\");}var dv=iw[ce]('div');dv.id=\"MG_ID\";dv[st][ds]=n;dv.innerHTML=290005;c[ac](dv); var s=iw[ce]('script');s.async='async';s.defer='defer';s.charset='utf-8';s.src=wp+\"\/\/jsc.mgid.com\/n\/o\/noticiastelered.com.290005.js?t=\"+D.getYear()+D.getMonth()+D.getUTCDate()+D.getUTCHours();c[ac](s);})(); <\/script><\/p>\n<\/div>\n","protected":false},"excerpt":{"rendered":"<p>El d\u00eda de hoy hay una buena noticia para fan\u00e1ticos de los superh\u00e9roes, ya que fue revelado que la pel\u00edcula \u2018Deadpool 3\u2019 termin\u00f3 con las grabaciones y, finalmente, se confirm\u00f3 la fecha de estreno, despu\u00e9s de haberse pospuesto en varias [&hellip;]<\/p>\n","protected":false},"author":2,"featured_media":86336,"comment_status":"open","ping_status":"open","sticky":false,"template":"","format":"standard","meta":[],"categories":[66],"tags":[],"_links":{"self":[{"href":"http:\/\/noticiastelered.com\/PortalDNoticias\/wp-json\/wp\/v2\/posts\/86341"}],"collection":[{"href":"http:\/\/noticiastelered.com\/PortalDNoticias\/wp-json\/wp\/v2\/posts"}],"about":[{"href":"http:\/\/noticiastelered.com\/PortalDNoticias\/wp-json\/wp\/v2\/types\/post"}],"author":[{"embeddable":true,"href":"http:\/\/noticiastelered.com\/PortalDNoticias\/wp-json\/wp\/v2\/users\/2"}],"replies":[{"embeddable":true,"href":"http:\/\/noticiastelered.com\/PortalDNoticias\/wp-json\/wp\/v2\/comments?post=86341"}],"version-history":[{"count":1,"href":"http:\/\/noticiastelered.com\/PortalDNoticias\/wp-json\/wp\/v2\/posts\/86341\/revisions"}],"predecessor-version":[{"id":86345,"href":"http:\/\/noticiastelered.com\/PortalDNoticias\/wp-json\/wp\/v2\/posts\/86341\/revisions\/86345"}],"wp:featuredmedia":[{"embeddable":true,"href":"http:\/\/noticiastelered.com\/PortalDNoticias\/wp-json\/wp\/v2\/media\/86336"}],"wp:attachment":[{"href":"http:\/\/noticiastelered.com\/PortalDNoticias\/wp-json\/wp\/v2\/media?parent=86341"}],"wp:term":[{"taxonomy":"category","embeddable":true,"href":"http:\/\/noticiastelered.com\/PortalDNoticias\/wp-json\/wp\/v2\/categories?post=86341"},{"taxonomy":"post_tag","embeddable":true,"href":"http:\/\/noticiastelered.com\/PortalDNoticias\/wp-json\/wp\/v2\/tags?post=86341"}],"curies":[{"name":"wp","href":"https:\/\/api.w.org\/{rel}","templated":true}]}}