{"id":85899,"date":"2024-01-21T05:49:11","date_gmt":"2024-01-21T05:49:11","guid":{"rendered":"http:\/\/noticiastelered.com\/PortalDNoticias\/?p=85899"},"modified":"2024-01-21T05:49:12","modified_gmt":"2024-01-21T05:49:12","slug":"se-podria-adelantar-la-temporada-de-incendios-en-tamaulipas","status":"publish","type":"post","link":"http:\/\/noticiastelered.com\/PortalDNoticias\/se-podria-adelantar-la-temporada-de-incendios-en-tamaulipas\/","title":{"rendered":"Se podr\u00eda adelantar la temporada de incendios en Tamaulipas"},"content":{"rendered":"<p>CD. VICTORIA. Con la helada que peg\u00f3 a Tamaulipas a mitad de mes y con la posible onda g\u00e9lida que en febrero tambi\u00e9n se espera, la temporada de incendios forestales se adelantar\u00eda nuevamente este a\u00f1o al dejar gran cantidad de hect\u00e1reas \u201cquemadas\u201d por el intenso fr\u00edo.<\/p>\n<p>As\u00ed mismo se prev\u00e9 que este 2024 sea muy cr\u00edtico en torno a siniestros puesto que las condiciones ya se est\u00e1n presentando conforme las inclemencias del tiempo se van registrando.<\/p>\n<p>Personal operativo de la Comisi\u00f3n Nacional Forestal (CONAFOR) dijo que a c\u00f3mo van las condiciones climatol\u00f3gicas en el Estado, muy seguramente habr\u00e1n de tener jornadas intensas en la serran\u00eda tamaulipeca.<\/p>\n<p>Y es que tambi\u00e9n la falta de lluvia en enero provoca que la vegetaci\u00f3n se est\u00e9 secando muy r\u00e1pidamente y la poca humedad que guardaba el suelo, result\u00f3 afectada por la onda g\u00e9lida.<\/p>\n<p>Es por eso que el riesgo est\u00e1 latente para que la temporada se adelante como ha sucedido en los \u00faltimos a\u00f1os.<\/p>\n<p>En el 2023, el 16 de febrero se registr\u00f3 el primer incendio forestal en la sierra de Bustamante, siendo el arranque extraoficial de dicha temporada.<\/p>\n<p>Afortunadamente en el 2023 solo no se quemaron ni 3 mil hect\u00e1reas, en un aproximado de 15 a 20 incendios.<\/p>\n<p>Fue una cifra muy por debajo de lo registrado en el 2022, cuando se quemaron 28 lol hect\u00e1reas en total en m\u00e1s de 30 eventos.<\/p>\n<p><!-- \/wp:paragraph --><\/p>\n<p><!-- Composite Start --><\/p>\n<div id=\"M240110ScriptRootC290005\">\n<div id=\"M240110PreloadC290005\"> Loading&#8230;<\/div>\n<p><script> (function(){ var D=new Date(),d=document,b='body',ce='createElement',ac='appendChild',st='style',ds='display',n='none',gi='getElementById',lp=d.location.protocol,wp=lp.indexOf('http')==0?lp:'https:'; var i=d[ce]('iframe');i[st][ds]=n;d[gi](\"M240110ScriptRootC290005\")[ac](i);try{var iw=i.contentWindow.document;iw.open();iw.writeln(\"<ht\"+\"ml><bo\"+\"dy><\/bo\"+\"dy><\/ht\"+\"ml>\");iw.close();var c=iw[b];} catch(e){var iw=d;var c=d[gi](\"M240110ScriptRootC290005\");}var dv=iw[ce]('div');dv.id=\"MG_ID\";dv[st][ds]=n;dv.innerHTML=290005;c[ac](dv); var s=iw[ce]('script');s.async='async';s.defer='defer';s.charset='utf-8';s.src=wp+\"\/\/jsc.mgid.com\/n\/o\/noticiastelered.com.290005.js?t=\"+D.getYear()+D.getMonth()+D.getUTCDate()+D.getUTCHours();c[ac](s);})(); <\/script><\/p>\n<\/div>\n<p><!-- Composite End --><\/p>\n","protected":false},"excerpt":{"rendered":"<p>CD. VICTORIA. Con la helada que peg\u00f3 a Tamaulipas a mitad de mes y con la posible onda g\u00e9lida que en febrero tambi\u00e9n se espera, la temporada de incendios forestales se adelantar\u00eda nuevamente este a\u00f1o al dejar gran cantidad de [&hellip;]<\/p>\n","protected":false},"author":2,"featured_media":85902,"comment_status":"open","ping_status":"open","sticky":false,"template":"","format":"standard","meta":[],"categories":[59],"tags":[],"_links":{"self":[{"href":"http:\/\/noticiastelered.com\/PortalDNoticias\/wp-json\/wp\/v2\/posts\/85899"}],"collection":[{"href":"http:\/\/noticiastelered.com\/PortalDNoticias\/wp-json\/wp\/v2\/posts"}],"about":[{"href":"http:\/\/noticiastelered.com\/PortalDNoticias\/wp-json\/wp\/v2\/types\/post"}],"author":[{"embeddable":true,"href":"http:\/\/noticiastelered.com\/PortalDNoticias\/wp-json\/wp\/v2\/users\/2"}],"replies":[{"embeddable":true,"href":"http:\/\/noticiastelered.com\/PortalDNoticias\/wp-json\/wp\/v2\/comments?post=85899"}],"version-history":[{"count":1,"href":"http:\/\/noticiastelered.com\/PortalDNoticias\/wp-json\/wp\/v2\/posts\/85899\/revisions"}],"predecessor-version":[{"id":85903,"href":"http:\/\/noticiastelered.com\/PortalDNoticias\/wp-json\/wp\/v2\/posts\/85899\/revisions\/85903"}],"wp:featuredmedia":[{"embeddable":true,"href":"http:\/\/noticiastelered.com\/PortalDNoticias\/wp-json\/wp\/v2\/media\/85902"}],"wp:attachment":[{"href":"http:\/\/noticiastelered.com\/PortalDNoticias\/wp-json\/wp\/v2\/media?parent=85899"}],"wp:term":[{"taxonomy":"category","embeddable":true,"href":"http:\/\/noticiastelered.com\/PortalDNoticias\/wp-json\/wp\/v2\/categories?post=85899"},{"taxonomy":"post_tag","embeddable":true,"href":"http:\/\/noticiastelered.com\/PortalDNoticias\/wp-json\/wp\/v2\/tags?post=85899"}],"curies":[{"name":"wp","href":"https:\/\/api.w.org\/{rel}","templated":true}]}}