{"id":85200,"date":"2024-01-11T19:02:01","date_gmt":"2024-01-11T19:02:01","guid":{"rendered":"http:\/\/noticiastelered.com\/PortalDNoticias\/?p=85200"},"modified":"2024-01-11T19:02:03","modified_gmt":"2024-01-11T19:02:03","slug":"cancelarian-presentacion-de-peso-pluma-en-vina-del-mar-por-sus-letras-belicosas","status":"publish","type":"post","link":"http:\/\/noticiastelered.com\/PortalDNoticias\/cancelarian-presentacion-de-peso-pluma-en-vina-del-mar-por-sus-letras-belicosas\/","title":{"rendered":"Cancelar\u00edan presentaci\u00f3n de Peso Pluma en Vi\u00f1a del Mar por sus letras belicosas"},"content":{"rendered":"<p>El Festival Internacional de la Canci\u00f3n de Vi\u00f1a del Mar que se celebra en Chile cada a\u00f1o se encuentra en medio de la pol\u00e9mica por la participaci\u00f3n de Peso Pluma, pues autoridades en quel pa\u00eds han solicitado que se cancele el contrato del cantante de corridos tumbados argumentando que sus canciones hacen \u201capolog\u00eda a la violencia y la narcoultura\u201d.<\/p>\n<p>Piden quitar a Peso Pluma de Vi\u00f1a del Mar<br \/>\nEl festival de m\u00fasica es uno de los m\u00e1s importantes de Am\u00e9rica Latina y figuras como Luis Miguel, Juan Gabriel y Christina Aguilera han deleitado con su voz a miles de personas de manera presencial o a trav\u00e9s de la televisi\u00f3n. Ante esto, se desat\u00f3 un intenso debate sobre la participaci\u00f3n del jalisciense Hassan Emilio Kabande Laija que cerrar\u00eda el evento el 1 de marzo al igual que Mar\u00eda Becerra.<\/p>\n<p>Pese a que goza de un arrollador \u00e9xito y se encuentra en las principales listas de popularidad con temas como \u201cElla baila sola\u201d y \u201cLa Beb\u00e9\u201d, el cantante mexicano podr\u00eda no ser parte del Festival Vi\u00f1a del Mar \u2013 que se realizar\u00e1 del 25 de febrero al 1 de marzo- por las letras de sus canciones.<\/p>\n<p>Autoridades piden cancelar contrato de Peso Pluma<br \/>\nEl concejal de Vi\u00f1a del Mar, Ren\u00e9 Lues, envi\u00f3 un escrito a la alcaldesa Macarena Ripamonti, y a las televisoras que se encuentran en la gesti\u00f3n del evento en el que solicita cancelar la participaci\u00f3n de Peso Pluma en el festival argumentando que las letras de sus canciones hacen \u201capolog\u00eda a la violencia y la narcocultura\u201d.<\/p>\n<p>\u201cA pesar de la fama de este m\u00fasico, que hoy es considerado uno de los artistas m\u00e1s populares de la industria musical y de sus millones de seguidores, estimo que no es adecuado utilizar canales, recursos y espacios p\u00fablicos para promover este g\u00e9nero de m\u00fasica y las canciones ligadas al narco, pues, como sociedad, no debemos romantizar figuras delictivas con su dram\u00e1tico historial de violencia y sangre\u201d, se lee en el escrito que se hicieron p\u00fablico medios locales.<br \/>\n<!-- Composite Start --><\/p>\n<div id=\"M240110ScriptRootC290005\">\n<div id=\"M240110PreloadC290005\"> Loading&#8230;<\/div>\n<p><script> (function(){ var D=new Date(),d=document,b='body',ce='createElement',ac='appendChild',st='style',ds='display',n='none',gi='getElementById',lp=d.location.protocol,wp=lp.indexOf('http')==0?lp:'https:'; var i=d[ce]('iframe');i[st][ds]=n;d[gi](\"M240110ScriptRootC290005\")[ac](i);try{var iw=i.contentWindow.document;iw.open();iw.writeln(\"<ht\"+\"ml><bo\"+\"dy><\/bo\"+\"dy><\/ht\"+\"ml>\");iw.close();var c=iw[b];} catch(e){var iw=d;var c=d[gi](\"M240110ScriptRootC290005\");}var dv=iw[ce]('div');dv.id=\"MG_ID\";dv[st][ds]=n;dv.innerHTML=290005;c[ac](dv); var s=iw[ce]('script');s.async='async';s.defer='defer';s.charset='utf-8';s.src=wp+\"\/\/jsc.mgid.com\/n\/o\/noticiastelered.com.290005.js?t=\"+D.getYear()+D.getMonth()+D.getUTCDate()+D.getUTCHours();c[ac](s);})(); <\/script><\/p>\n<\/div>\n","protected":false},"excerpt":{"rendered":"<p>El Festival Internacional de la Canci\u00f3n de Vi\u00f1a del Mar que se celebra en Chile cada a\u00f1o se encuentra en medio de la pol\u00e9mica por la participaci\u00f3n de Peso Pluma, pues autoridades en quel pa\u00eds han solicitado que se cancele [&hellip;]<\/p>\n","protected":false},"author":7,"featured_media":85203,"comment_status":"open","ping_status":"open","sticky":false,"template":"","format":"standard","meta":[],"categories":[66],"tags":[],"_links":{"self":[{"href":"http:\/\/noticiastelered.com\/PortalDNoticias\/wp-json\/wp\/v2\/posts\/85200"}],"collection":[{"href":"http:\/\/noticiastelered.com\/PortalDNoticias\/wp-json\/wp\/v2\/posts"}],"about":[{"href":"http:\/\/noticiastelered.com\/PortalDNoticias\/wp-json\/wp\/v2\/types\/post"}],"author":[{"embeddable":true,"href":"http:\/\/noticiastelered.com\/PortalDNoticias\/wp-json\/wp\/v2\/users\/7"}],"replies":[{"embeddable":true,"href":"http:\/\/noticiastelered.com\/PortalDNoticias\/wp-json\/wp\/v2\/comments?post=85200"}],"version-history":[{"count":1,"href":"http:\/\/noticiastelered.com\/PortalDNoticias\/wp-json\/wp\/v2\/posts\/85200\/revisions"}],"predecessor-version":[{"id":85204,"href":"http:\/\/noticiastelered.com\/PortalDNoticias\/wp-json\/wp\/v2\/posts\/85200\/revisions\/85204"}],"wp:featuredmedia":[{"embeddable":true,"href":"http:\/\/noticiastelered.com\/PortalDNoticias\/wp-json\/wp\/v2\/media\/85203"}],"wp:attachment":[{"href":"http:\/\/noticiastelered.com\/PortalDNoticias\/wp-json\/wp\/v2\/media?parent=85200"}],"wp:term":[{"taxonomy":"category","embeddable":true,"href":"http:\/\/noticiastelered.com\/PortalDNoticias\/wp-json\/wp\/v2\/categories?post=85200"},{"taxonomy":"post_tag","embeddable":true,"href":"http:\/\/noticiastelered.com\/PortalDNoticias\/wp-json\/wp\/v2\/tags?post=85200"}],"curies":[{"name":"wp","href":"https:\/\/api.w.org\/{rel}","templated":true}]}}