{"id":84521,"date":"2024-01-02T04:14:28","date_gmt":"2024-01-02T04:14:28","guid":{"rendered":"http:\/\/noticiastelered.com\/PortalDNoticias\/?p=84521"},"modified":"2024-01-02T04:14:29","modified_gmt":"2024-01-02T04:14:29","slug":"fgr-abre-investigacion-por-agresion-militar-y-lesiones-contra-nino-de-5-anos","status":"publish","type":"post","link":"http:\/\/noticiastelered.com\/PortalDNoticias\/fgr-abre-investigacion-por-agresion-militar-y-lesiones-contra-nino-de-5-anos\/","title":{"rendered":"FGR abre investigaci\u00f3n por agresi\u00f3n militar y lesiones contra ni\u00f1o de 5 a\u00f1os"},"content":{"rendered":"\n<p>Nuevo Laredo, Tamaulipas, a 1 de enero de 2024.- La Fiscal\u00eda General de la Rep\u00fablica inici\u00f3 una carpeta de investigaci\u00f3n en contra del personal de la Secretar\u00eda de la Defensa Nacional, se\u00f1al\u00e1ndolos como responsables del ataque directo a balazos en el cual result\u00f3 lesionado un ni\u00f1o de 5 a\u00f1os.<\/p>\n\n\n\n<p>Itali Alan\u00eds y Martha Lilia Rodr\u00edguez, madre y bisabuela del peque\u00f1o &#8220;A.M.&#8221;, quien presenta una herida de bala en el brazo derecho, se\u00f1alaron en su denuncia que los militares dispararon directamente contra el veh\u00edculo en el que viajaba el ni\u00f1o y otras dos menores, conducido por Martha.<\/p>\n\n\n\n<p>La denuncia fue presentada la tarde del lunes ante la Fiscal\u00eda General de la Rep\u00fablica, en relaci\u00f3n a los hechos ocurridos la noche del pasado viernes, 29 de diciembre de 2023, en el poniente de esta frontera.<\/p>\n\n\n\n<p>En la querella ante las autoridades federales, Itali Alan\u00eds, madre del ni\u00f1o de 5 a\u00f1os, se\u00f1al\u00f3 que estaban llegando a un terreno ubicado en la colonia La Joya, y que el ni\u00f1o estaba en la camioneta Jeep Cherokee con su bisabuela cuando escucharon disparos y vieron a los militares pasar a un costado del veh\u00edculo.<\/p>\n\n\n\n<p>En el ataque directo perpetrado por los militares, la camioneta recibi\u00f3 m\u00faltiples disparos. Un proyectil hiri\u00f3 al menor, y una llanta fue ponchada por los balazos, por lo que la madre de familia tuvo que pedir el apoyo de otras personas para trasladar a su hijo al Hospital Laredo.<\/p>\n\n\n\n<p>&#8220;Estoy denunciando a los elementos militares por este atentado y pido que se haga justicia por lo que pas\u00f3; ellos fueron quienes dispararon hacia la camioneta sin motivo alguno. Adem\u00e1s, no auxiliaron a mi hijo, se burlaron y huyeron&#8221;, enfatiz\u00f3.<\/p>\n\n\n\n<p>Tras este atentado, su hijo qued\u00f3 desencantado de los soldados a quienes admiraba anteriormente, y con estos hechos, el propio menor los critic\u00f3 por haberlo herido y no quiere saber nada de ellos, solicitando la intervenci\u00f3n del Presidente de la Rep\u00fablica para que acabe con este tipo de atropellos hacia la ciudadan\u00eda en general.<\/p>\n\n\n\n<p>DECLARA LA BISABUELA.<\/p>\n\n\n\n<p>Martha Lilia Rodr\u00edguez Chavarr\u00eda, bisabuela del ni\u00f1o, quien conduc\u00eda la camioneta y vio a los militares disparar directamente contra la unidad, pese a que iban tres menores, denunci\u00f3 ante la FGR el atentado.<\/p>\n\n\n\n<p>&#8220;Mi nieto fue herido por balas disparadas por los militares&#8221;, declar\u00f3 do\u00f1a Martha Lilia.<br>&#8220;Abuelita, abuelita me duele mi mano&#8221;, me dec\u00eda mi bisnieto, d\u00e1ndome cuenta de que estaba herido en el codo de su bracito derecho, por lo que le dije a su mam\u00e1 Itali para llevarlo a un hospital, destac\u00f3 en la denuncia la mujer.<\/p>\n\n\n\n<p>Martha Lilia Rodr\u00edguez dijo que protestar\u00e1n a nivel nacional llamando la atenci\u00f3n del Presidente de la Rep\u00fablica, Andr\u00e9s Manuel L\u00f3pez Obrador, e incluso anunci\u00f3 que viajar\u00edan a la capital del pa\u00eds para manifestarse p\u00fablicamente por este atentado.<\/p>\n\n\n\n<p>&#8220;Los militares dispararon directamente contra una camioneta donde iba una familia, y es lamentable que estos hechos ocurran cuando supuestamente ellos est\u00e1n entrenados&#8221;, asever\u00f3 la bisabuela del peque\u00f1o.<\/p>\n\n\n\n<p>Cabe destacar que este es el primer caso de denuncia contra militares en 2024, sum\u00e1ndose a docenas de denuncias presentadas en a\u00f1os anteriores. Todas ellas est\u00e1n relacionadas con graves violaciones a los derechos humanos por parte de las fuerzas armadas, sin que hasta ahora se haya logrado obtener justicia.<\/p>\n","protected":false},"excerpt":{"rendered":"<p>Nuevo Laredo, Tamaulipas, a 1 de enero de 2024.- La Fiscal\u00eda General de la Rep\u00fablica inici\u00f3 una carpeta de investigaci\u00f3n en contra del personal de la Secretar\u00eda de la Defensa Nacional, se\u00f1al\u00e1ndolos como responsables del ataque directo a balazos en [&hellip;]<\/p>\n","protected":false},"author":7,"featured_media":84525,"comment_status":"open","ping_status":"open","sticky":false,"template":"","format":"standard","meta":[],"categories":[63,77],"tags":[],"_links":{"self":[{"href":"http:\/\/noticiastelered.com\/PortalDNoticias\/wp-json\/wp\/v2\/posts\/84521"}],"collection":[{"href":"http:\/\/noticiastelered.com\/PortalDNoticias\/wp-json\/wp\/v2\/posts"}],"about":[{"href":"http:\/\/noticiastelered.com\/PortalDNoticias\/wp-json\/wp\/v2\/types\/post"}],"author":[{"embeddable":true,"href":"http:\/\/noticiastelered.com\/PortalDNoticias\/wp-json\/wp\/v2\/users\/7"}],"replies":[{"embeddable":true,"href":"http:\/\/noticiastelered.com\/PortalDNoticias\/wp-json\/wp\/v2\/comments?post=84521"}],"version-history":[{"count":1,"href":"http:\/\/noticiastelered.com\/PortalDNoticias\/wp-json\/wp\/v2\/posts\/84521\/revisions"}],"predecessor-version":[{"id":84526,"href":"http:\/\/noticiastelered.com\/PortalDNoticias\/wp-json\/wp\/v2\/posts\/84521\/revisions\/84526"}],"wp:featuredmedia":[{"embeddable":true,"href":"http:\/\/noticiastelered.com\/PortalDNoticias\/wp-json\/wp\/v2\/media\/84525"}],"wp:attachment":[{"href":"http:\/\/noticiastelered.com\/PortalDNoticias\/wp-json\/wp\/v2\/media?parent=84521"}],"wp:term":[{"taxonomy":"category","embeddable":true,"href":"http:\/\/noticiastelered.com\/PortalDNoticias\/wp-json\/wp\/v2\/categories?post=84521"},{"taxonomy":"post_tag","embeddable":true,"href":"http:\/\/noticiastelered.com\/PortalDNoticias\/wp-json\/wp\/v2\/tags?post=84521"}],"curies":[{"name":"wp","href":"https:\/\/api.w.org\/{rel}","templated":true}]}}