{"id":84081,"date":"2023-12-24T00:18:50","date_gmt":"2023-12-24T00:18:50","guid":{"rendered":"http:\/\/noticiastelered.com\/PortalDNoticias\/?p=84081"},"modified":"2023-12-24T00:18:51","modified_gmt":"2023-12-24T00:18:51","slug":"soldados-golpean-y-torturan-a-dos-jovenes-uno-de-ellos-menor-de-edad","status":"publish","type":"post","link":"http:\/\/noticiastelered.com\/PortalDNoticias\/soldados-golpean-y-torturan-a-dos-jovenes-uno-de-ellos-menor-de-edad\/","title":{"rendered":"Soldados golpean y torturan a dos j\u00f3venes; uno de ellos menor de edad"},"content":{"rendered":"\n<p>-Durante este 2023 se han presentado cuantiosas denuncias contra personal de Sedena, por los delitos de robo, abuso sexual, abuso de autoridad.<\/p>\n\n\n\n<p>Nuevo Laredo, Tamaulipas a 23 de diciembre de 2023.- Elementos de la Secretar\u00eda de la Defensa Nacional (Sedena), destacamentados en el nuevo regimiento militar ubicado en la colonia Benito Ju\u00e1rez, infonavit; son acusados de golpear a dos j\u00f3venes, uno de ellos menor de edad; dejando fuertes lesiones en espalda, parte baja de la espalda y gl\u00fateos.<\/p>\n\n\n\n<p>\u201cVan pasando los militares, se bajaron todos contra nosotros, nos metieron a una vulcanizadora, nos empezaron a golpear, nos arrodillaron, nos dieron con un machete, nos comenzaron a golpear que nos quer\u00edan matar y mutilar, quer\u00edan a fuerzas un radio, nosotros no ten\u00edamos nada, nosotros nos \u00edbamos a trabajar al car wash, me dejaron machetazos en la espalda, traigo heridas y me duele toda la espalda y las costillas\u201d declar\u00f3 Cesar Manuel de 17 de a\u00f1os de edad.<\/p>\n\n\n\n<p>Los hechos se registraron la ma\u00f1ana de este s\u00e1bado 23 de diciembre, aproximadamente a las 09:30 horas en avenida la Rep\u00fablica y Fundadores; ambos j\u00f3venes se dirig\u00edan a laborar a un car wash, cuando personal de Sedena, los detuvo para realizarles una revisi\u00f3n corporal; al no encontrarles nada, los obligaron a grabar un video donde se\u00f1alaran que no recibieron golpe alguno; sin embargo, al t\u00e9rmino de grabaci\u00f3n los metieron al interior de la Vulcanizadora Mike y fueron salvajemente golpeados.<\/p>\n\n\n\n<p>\u201cLos militares buscaban un radio, nosotros le dijimos que trabajamos bien, que ven\u00edamos de mi casa e \u00edbamos a trabajar al car wash, a m\u00ed me pegaron con un machete en la espalda y en las nalgas, me dejaron muchos moretones y marcas, nos tomaron video que si nos hab\u00edan golpeado, ten\u00edamos que decir que no, que si nos quitaron pertenencias, ten\u00edamos que decir que no, para evidencia de ellos, que si dec\u00edamos algo, nos iba a ir mal\u201d se\u00f1al\u00f3 Sandro de 19 a\u00f1os de edad.<\/p>\n\n\n\n<p>Ambos j\u00f3venes relatan que cuando personal militar de la Sedena se cansaron de golpearlos y torturarlos, los amenazaron de muerte, les advirtieron que, si se los volv\u00edan a topar o se cruzaban en su camino, los iban a matar; por ese motivo analizar\u00e1n y buscar\u00e1n asesor\u00eda legal para realizar la denuncia correspondiente por amenazas, golpes y tortura.<\/p>\n\n\n\n<p>\u201cNos golpearon entre muchos, nos dieron con la pistola, con un machete, manos y un tubo, con todo lo que tuvieron a su alcance, eran varios elementos eran como tres camionetas militares, entre 15 y 20 militares, nos estuvieron pegando durante una media hora hincados\u201d relataron ambos j\u00f3venes.<\/p>\n\n\n\n<p>Los dos j\u00f3venes presentan marcas de las lesiones a simple vista, provocada por personal militar que patrullaba el sector de la colonia infonavit, en las calles Fundadores y Avenida de la Rep\u00fablica frente a la carnicer\u00eda MG, el joven m\u00e1s golpeado es Sandro 19 a\u00f1os, quien incluso se le dificultaba caminar.<\/p>\n\n\n\n<p>\u201cTodos los militares quer\u00edan que les di\u00e9ramos un radio, nos preguntaban d\u00f3nde estaban los radios, les insistimos que nosotros trabajamos bien, en un car wash, y as\u00ed golpeados nos venimos a trabajar, tenemos miedo porque tienen videos de nosotros que nos grabaron, tenemos miedo que nos hagan algo porque nos amenazaron\u201d coment\u00f3 Sandro.<\/p>\n\n\n\n<p>Durante este a\u00f1o, se han presentado numerosas denuncias contra personal de Sedena, por los delitos de robo, abuso sexual, abuso de autoridad; muchas de ellas no han avanzado en la investigaci\u00f3n por la protecci\u00f3n que les brindan Agentes del Ministerio P\u00fablico de la Fiscal\u00eda General de la Rep\u00fablica.<\/p>\n","protected":false},"excerpt":{"rendered":"<p>-Durante este 2023 se han presentado cuantiosas denuncias contra personal de Sedena, por los delitos de robo, abuso sexual, abuso de autoridad. Nuevo Laredo, Tamaulipas a 23 de diciembre de 2023.- Elementos de la Secretar\u00eda de la Defensa Nacional (Sedena), [&hellip;]<\/p>\n","protected":false},"author":7,"featured_media":84084,"comment_status":"open","ping_status":"open","sticky":false,"template":"","format":"standard","meta":[],"categories":[63,77],"tags":[],"_links":{"self":[{"href":"http:\/\/noticiastelered.com\/PortalDNoticias\/wp-json\/wp\/v2\/posts\/84081"}],"collection":[{"href":"http:\/\/noticiastelered.com\/PortalDNoticias\/wp-json\/wp\/v2\/posts"}],"about":[{"href":"http:\/\/noticiastelered.com\/PortalDNoticias\/wp-json\/wp\/v2\/types\/post"}],"author":[{"embeddable":true,"href":"http:\/\/noticiastelered.com\/PortalDNoticias\/wp-json\/wp\/v2\/users\/7"}],"replies":[{"embeddable":true,"href":"http:\/\/noticiastelered.com\/PortalDNoticias\/wp-json\/wp\/v2\/comments?post=84081"}],"version-history":[{"count":1,"href":"http:\/\/noticiastelered.com\/PortalDNoticias\/wp-json\/wp\/v2\/posts\/84081\/revisions"}],"predecessor-version":[{"id":84085,"href":"http:\/\/noticiastelered.com\/PortalDNoticias\/wp-json\/wp\/v2\/posts\/84081\/revisions\/84085"}],"wp:featuredmedia":[{"embeddable":true,"href":"http:\/\/noticiastelered.com\/PortalDNoticias\/wp-json\/wp\/v2\/media\/84084"}],"wp:attachment":[{"href":"http:\/\/noticiastelered.com\/PortalDNoticias\/wp-json\/wp\/v2\/media?parent=84081"}],"wp:term":[{"taxonomy":"category","embeddable":true,"href":"http:\/\/noticiastelered.com\/PortalDNoticias\/wp-json\/wp\/v2\/categories?post=84081"},{"taxonomy":"post_tag","embeddable":true,"href":"http:\/\/noticiastelered.com\/PortalDNoticias\/wp-json\/wp\/v2\/tags?post=84081"}],"curies":[{"name":"wp","href":"https:\/\/api.w.org\/{rel}","templated":true}]}}