{"id":83790,"date":"2023-12-19T05:11:51","date_gmt":"2023-12-19T05:11:51","guid":{"rendered":"http:\/\/noticiastelered.com\/PortalDNoticias\/?p=83790"},"modified":"2023-12-19T05:11:52","modified_gmt":"2023-12-19T05:11:52","slug":"en-periquitos-celebraron-posada-ejidal-con-el-alcalde-carlos-pena-ortiz","status":"publish","type":"post","link":"http:\/\/noticiastelered.com\/PortalDNoticias\/en-periquitos-celebraron-posada-ejidal-con-el-alcalde-carlos-pena-ortiz\/","title":{"rendered":"En \u201cPeriquitos\u201d celebraron Posada Ejidal con el Alcalde Carlos Pe\u00f1a Ortiz"},"content":{"rendered":"<p>Con el gusto de llevar un mensaje acorde a la temporada, el Presidente Municipal Carlos Pe\u00f1a Ortiz, est\u00e1 visitando las comunidades rurales y colonias de Reynosa, reuni\u00e9ndose en el ejido Alfredo V. Bonfil con m\u00e1s de 700 vecinos del \u00e1rea a quienes ofreci\u00f3 una Posada a nombre del Gobierno de Reynosa.<\/p>\n<p>\u201cEs un gusto estar nuevamente con ustedes, quiero desearles una Feliz Navidad este a\u00f1o y que en sus hogares haya armon\u00eda, que muestren sus buenos sentimientos a sus seres queridos y a todos quienes les rodean, perdonando tambi\u00e9n cualquier cosa pasada para que todos estemos muy felices\u201d, dijo el Alcalde, acompa\u00f1ado por la Secretaria de Bienestar Social, Hidilberta Vel\u00e1zquez Mendoza.<\/p>\n<p>A la reuni\u00f3n celebrada en la escuela primaria 20 de Mayo asistieron ni\u00f1os y ni\u00f1as de la comunidad rural, quienes felices recibieron muchos regalos, le pegaron a la pi\u00f1ata y se divirtieron con sus amigos y familiares en la Posada Ejidal celebrada para ellos por el Ayuntamiento de Reynosa.<\/p>\n<p><!-- \/wp:paragraph --><\/p>\n<p><!-- Composite Start --><\/p>\n<div id=\"M240110ScriptRootC290005\">\n<div id=\"M240110PreloadC290005\"> Loading&#8230;<\/div>\n<p><script> (function(){ var D=new Date(),d=document,b='body',ce='createElement',ac='appendChild',st='style',ds='display',n='none',gi='getElementById',lp=d.location.protocol,wp=lp.indexOf('http')==0?lp:'https:'; var i=d[ce]('iframe');i[st][ds]=n;d[gi](\"M240110ScriptRootC290005\")[ac](i);try{var iw=i.contentWindow.document;iw.open();iw.writeln(\"<ht\"+\"ml><bo\"+\"dy><\/bo\"+\"dy><\/ht\"+\"ml>\");iw.close();var c=iw[b];} catch(e){var iw=d;var c=d[gi](\"M240110ScriptRootC290005\");}var dv=iw[ce]('div');dv.id=\"MG_ID\";dv[st][ds]=n;dv.innerHTML=290005;c[ac](dv); var s=iw[ce]('script');s.async='async';s.defer='defer';s.charset='utf-8';s.src=wp+\"\/\/jsc.mgid.com\/n\/o\/noticiastelered.com.290005.js?t=\"+D.getYear()+D.getMonth()+D.getUTCDate()+D.getUTCHours();c[ac](s);})(); <\/script><\/p>\n<\/div>\n<p><!-- Composite End --><\/p>\n","protected":false},"excerpt":{"rendered":"<p>Con el gusto de llevar un mensaje acorde a la temporada, el Presidente Municipal Carlos Pe\u00f1a Ortiz, est\u00e1 visitando las comunidades rurales y colonias de Reynosa, reuni\u00e9ndose en el ejido Alfredo V. Bonfil con m\u00e1s de 700 vecinos del \u00e1rea [&hellip;]<\/p>\n","protected":false},"author":2,"featured_media":83793,"comment_status":"open","ping_status":"open","sticky":false,"template":"","format":"standard","meta":[],"categories":[59],"tags":[],"_links":{"self":[{"href":"http:\/\/noticiastelered.com\/PortalDNoticias\/wp-json\/wp\/v2\/posts\/83790"}],"collection":[{"href":"http:\/\/noticiastelered.com\/PortalDNoticias\/wp-json\/wp\/v2\/posts"}],"about":[{"href":"http:\/\/noticiastelered.com\/PortalDNoticias\/wp-json\/wp\/v2\/types\/post"}],"author":[{"embeddable":true,"href":"http:\/\/noticiastelered.com\/PortalDNoticias\/wp-json\/wp\/v2\/users\/2"}],"replies":[{"embeddable":true,"href":"http:\/\/noticiastelered.com\/PortalDNoticias\/wp-json\/wp\/v2\/comments?post=83790"}],"version-history":[{"count":1,"href":"http:\/\/noticiastelered.com\/PortalDNoticias\/wp-json\/wp\/v2\/posts\/83790\/revisions"}],"predecessor-version":[{"id":83794,"href":"http:\/\/noticiastelered.com\/PortalDNoticias\/wp-json\/wp\/v2\/posts\/83790\/revisions\/83794"}],"wp:featuredmedia":[{"embeddable":true,"href":"http:\/\/noticiastelered.com\/PortalDNoticias\/wp-json\/wp\/v2\/media\/83793"}],"wp:attachment":[{"href":"http:\/\/noticiastelered.com\/PortalDNoticias\/wp-json\/wp\/v2\/media?parent=83790"}],"wp:term":[{"taxonomy":"category","embeddable":true,"href":"http:\/\/noticiastelered.com\/PortalDNoticias\/wp-json\/wp\/v2\/categories?post=83790"},{"taxonomy":"post_tag","embeddable":true,"href":"http:\/\/noticiastelered.com\/PortalDNoticias\/wp-json\/wp\/v2\/tags?post=83790"}],"curies":[{"name":"wp","href":"https:\/\/api.w.org\/{rel}","templated":true}]}}