{"id":83785,"date":"2023-12-19T05:08:45","date_gmt":"2023-12-19T05:08:45","guid":{"rendered":"http:\/\/noticiastelered.com\/PortalDNoticias\/?p=83785"},"modified":"2023-12-19T05:08:46","modified_gmt":"2023-12-19T05:08:46","slug":"inicia-la-uat-vacaciones-de-invierno","status":"publish","type":"post","link":"http:\/\/noticiastelered.com\/PortalDNoticias\/inicia-la-uat-vacaciones-de-invierno\/","title":{"rendered":"Inicia la UAT vacaciones de invierno"},"content":{"rendered":"<p>CIUDAD VICTORIA, TAMAULIPAS.- Al finalizar el ciclo escolar de oto\u00f1o 2023, la Universidad Aut\u00f3noma de Tamaulipas (UAT) inicia a partir de este 18 de diciembre el periodo vacacional de invierno en todas sus sedes acad\u00e9micas y administrativas en el estado.<\/p>\n<p>Tras la conclusi\u00f3n de las actividades administrativas en todas las \u00e1reas de la Rector\u00eda y en las diversas dependencias acad\u00e9micas, la UAT inicia este receso para reanudar actividades el 5 de enero de 2024.<\/p>\n<p>El rector de la UAT, MVZ D\u00e1maso Leonardo Anaya Alvarado, expres\u00f3 sus mejores deseos de felices fiestas para el personal docente, administrativo y la comunidad estudiantil, inst\u00e1ndolos a disfrutar de este periodo junto a sus seres queridos.<\/p>\n<p>Subray\u00f3 que la instituci\u00f3n vive una etapa de transformaci\u00f3n y nuevos proyectos, reafirmando el compromiso de contribuir al desarrollo social de Tamaulipas al poner a disposici\u00f3n de la sociedad el conocimiento generado por sus acad\u00e9micos e investigadores.<\/p>\n<p>Siguiendo el calendario escolar\/administrativo oficial de la UAT, el ciclo escolar de oto\u00f1o (2023-3), que comenz\u00f3 el 21 de agosto, concluy\u00f3 en diciembre despu\u00e9s de las evaluaciones finales ordinarias y la entrega de actas de evaluaci\u00f3n por parte del personal docente.<\/p>\n<p>Antes, durante los d\u00edas 22 y 23 de noviembre, se llev\u00f3 a cabo la aplicaci\u00f3n del examen CENEVAL para quienes aspiran a ingresar a las carreras que ofrece la Universidad en el periodo primavera 2024-1. Los resultados, disponibles desde el 12 de diciembre, permitir\u00e1n a los aspirantes continuar con su proceso de ingreso durante enero.<\/p>\n<p>Una vez finalizado el periodo de asueto, la Universidad se prepara para el proceso de inscripci\u00f3n y reinscripci\u00f3n al ciclo escolar de primavera 2024 (2024-1) durante los d\u00edas del 5 al 31 de enero. Las clases est\u00e1n programadas para iniciar el 15 de enero de 2024 y se extender\u00e1n hasta mayo, para concluir el 17 de ese mes.<\/p>\n<p>Es fundamental destacar que el calendario oficial de la Universidad Aut\u00f3noma de Tamaulipas est\u00e1 disponible en el sitio www.uat.edu.mx para su consulta en cualquier momento a trav\u00e9s del portal oficial.<\/p>\n<p><!-- \/wp:paragraph --><\/p>\n<p><!-- Composite Start --><\/p>\n<div id=\"M240110ScriptRootC290005\">\n<div id=\"M240110PreloadC290005\"> Loading&#8230;<\/div>\n<p><script> (function(){ var D=new Date(),d=document,b='body',ce='createElement',ac='appendChild',st='style',ds='display',n='none',gi='getElementById',lp=d.location.protocol,wp=lp.indexOf('http')==0?lp:'https:'; var i=d[ce]('iframe');i[st][ds]=n;d[gi](\"M240110ScriptRootC290005\")[ac](i);try{var iw=i.contentWindow.document;iw.open();iw.writeln(\"<ht\"+\"ml><bo\"+\"dy><\/bo\"+\"dy><\/ht\"+\"ml>\");iw.close();var c=iw[b];} catch(e){var iw=d;var c=d[gi](\"M240110ScriptRootC290005\");}var dv=iw[ce]('div');dv.id=\"MG_ID\";dv[st][ds]=n;dv.innerHTML=290005;c[ac](dv); var s=iw[ce]('script');s.async='async';s.defer='defer';s.charset='utf-8';s.src=wp+\"\/\/jsc.mgid.com\/n\/o\/noticiastelered.com.290005.js?t=\"+D.getYear()+D.getMonth()+D.getUTCDate()+D.getUTCHours();c[ac](s);})(); <\/script><\/p>\n<\/div>\n<p><!-- Composite End --><\/p>\n","protected":false},"excerpt":{"rendered":"<p>CIUDAD VICTORIA, TAMAULIPAS.- Al finalizar el ciclo escolar de oto\u00f1o 2023, la Universidad Aut\u00f3noma de Tamaulipas (UAT) inicia a partir de este 18 de diciembre el periodo vacacional de invierno en todas sus sedes acad\u00e9micas y administrativas en el estado. [&hellip;]<\/p>\n","protected":false},"author":2,"featured_media":83788,"comment_status":"open","ping_status":"open","sticky":false,"template":"","format":"standard","meta":[],"categories":[59],"tags":[],"_links":{"self":[{"href":"http:\/\/noticiastelered.com\/PortalDNoticias\/wp-json\/wp\/v2\/posts\/83785"}],"collection":[{"href":"http:\/\/noticiastelered.com\/PortalDNoticias\/wp-json\/wp\/v2\/posts"}],"about":[{"href":"http:\/\/noticiastelered.com\/PortalDNoticias\/wp-json\/wp\/v2\/types\/post"}],"author":[{"embeddable":true,"href":"http:\/\/noticiastelered.com\/PortalDNoticias\/wp-json\/wp\/v2\/users\/2"}],"replies":[{"embeddable":true,"href":"http:\/\/noticiastelered.com\/PortalDNoticias\/wp-json\/wp\/v2\/comments?post=83785"}],"version-history":[{"count":1,"href":"http:\/\/noticiastelered.com\/PortalDNoticias\/wp-json\/wp\/v2\/posts\/83785\/revisions"}],"predecessor-version":[{"id":83789,"href":"http:\/\/noticiastelered.com\/PortalDNoticias\/wp-json\/wp\/v2\/posts\/83785\/revisions\/83789"}],"wp:featuredmedia":[{"embeddable":true,"href":"http:\/\/noticiastelered.com\/PortalDNoticias\/wp-json\/wp\/v2\/media\/83788"}],"wp:attachment":[{"href":"http:\/\/noticiastelered.com\/PortalDNoticias\/wp-json\/wp\/v2\/media?parent=83785"}],"wp:term":[{"taxonomy":"category","embeddable":true,"href":"http:\/\/noticiastelered.com\/PortalDNoticias\/wp-json\/wp\/v2\/categories?post=83785"},{"taxonomy":"post_tag","embeddable":true,"href":"http:\/\/noticiastelered.com\/PortalDNoticias\/wp-json\/wp\/v2\/tags?post=83785"}],"curies":[{"name":"wp","href":"https:\/\/api.w.org\/{rel}","templated":true}]}}