{"id":83780,"date":"2023-12-19T05:06:43","date_gmt":"2023-12-19T05:06:43","guid":{"rendered":"http:\/\/noticiastelered.com\/PortalDNoticias\/?p=83780"},"modified":"2023-12-19T05:06:44","modified_gmt":"2023-12-19T05:06:44","slug":"viven-nuevo-laredo-desfile-navideno-2023","status":"publish","type":"post","link":"http:\/\/noticiastelered.com\/PortalDNoticias\/viven-nuevo-laredo-desfile-navideno-2023\/","title":{"rendered":"Viven Nuevo Laredo desfile navide\u00f1o 2023"},"content":{"rendered":"<p>NUEVO LAREDO, TAMAULIPAS.- Miles de familias neolaredenses disfrutaron el tradicional \u201cDesfile Navide\u00f1o 2023\u201d en el que participaron 250 unidades y 24 plataformas que se encargaron de transmitir felicidad y armon\u00eda durante su recorrido en distintos puntos de la ciudad.<\/p>\n<p>Ante esta actividad familiar, los neolaredenses expresaron su sentir y agradecimientos al Gobierno Municipal por darle seguimiento a este popular evento del municipio, mismo que tambi\u00e9n re\u00fane a turistas.<\/p>\n<p>Martha Campos quien acudi\u00f3 con su vecina a disfrutar de este colorido evento, manifest\u00f3 que el desfile se presta para crear comunidad y convivir con los ciudadanos, as\u00ed como reforzar los lazos familiares en un ambiente feliz y pr\u00f3spero.<\/p>\n<p>\u201cAqu\u00ed todos salimos beneficiados porque tenemos un momento para disfrutar y salir a pasarla bien, los comerciantes tienen m\u00e1s ventas y as\u00ed todos aprovechamos lo que organiza el Gobierno Municipal, muy bien por nuestra presidenta que nos da el tradicional desfile\u201d, destac\u00f3.<\/p>\n<p>Mientras que Juan Jos\u00e9 D\u00edaz Galv\u00e1n, quien acudi\u00f3 con su esposa, hizo hincapi\u00e9 en que el Gobierno Municipal organiz\u00f3 el desfile de la mejor manera, con la seguridad adecuada y una buena log\u00edstica.<\/p>\n<p>\u201cEsto representa una oportunidad para que los neolaredenses se re\u00fanan y disfruten de experiencias \u00fanicas como este desfile, adem\u00e1s de la plaza ambientada de la temporada navide\u00f1a, es algo que se reconoce a nuestra presidenta y se agradece\u201d, enfatiz\u00f3.<\/p>\n<p>Por otro lado, la ciudadana Mar\u00eda de Jes\u00fas Torres, recalc\u00f3 que el desfile estuvo a la altura de lo esperado, as\u00ed como los participantes que transmitieron el esp\u00edritu navide\u00f1o.<\/p>\n<p>\u201cSiempre me ha gustado la navidad y ahora que tengo a mi beb\u00e9 este evento se siente distinto, es muy importante disfrutar estos momentos en familia y agradezco a la presidenta que nos da la oportunidad de convivir en un ambiente sano y bonito\u201d, coment\u00f3.<\/p>\n<p>El ciudadano C\u00e9sar Ren\u00e9 P\u00e9rez Cruz expres\u00f3 que este tipo de eventos son para disfrutar en familia porque son actividades sanas aptas para todo p\u00fablico.<br \/>\n\u201cEsta bien que el Gobierno Municipal organice estos eventos porque todos los neolaredenses lo pasamos bien, con nuestros seres queridos y eso es de agradecerse\u201d, mencion\u00f3.<\/p>\n<p>El recorrido inici\u00f3 a las 5:00 PM en el cruce de la calle 15 de septiembre y avenida reforma, donde tambi\u00e9n fue el punto de llegada del contingente.<\/p>\n<p><!-- \/wp:paragraph --><\/p>\n<p><!-- Composite Start --><\/p>\n<div id=\"M240110ScriptRootC290005\">\n<div id=\"M240110PreloadC290005\"> Loading&#8230;<\/div>\n<p><script> (function(){ var D=new Date(),d=document,b='body',ce='createElement',ac='appendChild',st='style',ds='display',n='none',gi='getElementById',lp=d.location.protocol,wp=lp.indexOf('http')==0?lp:'https:'; var i=d[ce]('iframe');i[st][ds]=n;d[gi](\"M240110ScriptRootC290005\")[ac](i);try{var iw=i.contentWindow.document;iw.open();iw.writeln(\"<ht\"+\"ml><bo\"+\"dy><\/bo\"+\"dy><\/ht\"+\"ml>\");iw.close();var c=iw[b];} catch(e){var iw=d;var c=d[gi](\"M240110ScriptRootC290005\");}var dv=iw[ce]('div');dv.id=\"MG_ID\";dv[st][ds]=n;dv.innerHTML=290005;c[ac](dv); var s=iw[ce]('script');s.async='async';s.defer='defer';s.charset='utf-8';s.src=wp+\"\/\/jsc.mgid.com\/n\/o\/noticiastelered.com.290005.js?t=\"+D.getYear()+D.getMonth()+D.getUTCDate()+D.getUTCHours();c[ac](s);})(); <\/script><\/p>\n<\/div>\n<p><!-- Composite End --><\/p>\n","protected":false},"excerpt":{"rendered":"<p>NUEVO LAREDO, TAMAULIPAS.- Miles de familias neolaredenses disfrutaron el tradicional \u201cDesfile Navide\u00f1o 2023\u201d en el que participaron 250 unidades y 24 plataformas que se encargaron de transmitir felicidad y armon\u00eda durante su recorrido en distintos puntos de la ciudad. Ante [&hellip;]<\/p>\n","protected":false},"author":2,"featured_media":83783,"comment_status":"open","ping_status":"open","sticky":false,"template":"","format":"standard","meta":[],"categories":[63],"tags":[],"_links":{"self":[{"href":"http:\/\/noticiastelered.com\/PortalDNoticias\/wp-json\/wp\/v2\/posts\/83780"}],"collection":[{"href":"http:\/\/noticiastelered.com\/PortalDNoticias\/wp-json\/wp\/v2\/posts"}],"about":[{"href":"http:\/\/noticiastelered.com\/PortalDNoticias\/wp-json\/wp\/v2\/types\/post"}],"author":[{"embeddable":true,"href":"http:\/\/noticiastelered.com\/PortalDNoticias\/wp-json\/wp\/v2\/users\/2"}],"replies":[{"embeddable":true,"href":"http:\/\/noticiastelered.com\/PortalDNoticias\/wp-json\/wp\/v2\/comments?post=83780"}],"version-history":[{"count":1,"href":"http:\/\/noticiastelered.com\/PortalDNoticias\/wp-json\/wp\/v2\/posts\/83780\/revisions"}],"predecessor-version":[{"id":83784,"href":"http:\/\/noticiastelered.com\/PortalDNoticias\/wp-json\/wp\/v2\/posts\/83780\/revisions\/83784"}],"wp:featuredmedia":[{"embeddable":true,"href":"http:\/\/noticiastelered.com\/PortalDNoticias\/wp-json\/wp\/v2\/media\/83783"}],"wp:attachment":[{"href":"http:\/\/noticiastelered.com\/PortalDNoticias\/wp-json\/wp\/v2\/media?parent=83780"}],"wp:term":[{"taxonomy":"category","embeddable":true,"href":"http:\/\/noticiastelered.com\/PortalDNoticias\/wp-json\/wp\/v2\/categories?post=83780"},{"taxonomy":"post_tag","embeddable":true,"href":"http:\/\/noticiastelered.com\/PortalDNoticias\/wp-json\/wp\/v2\/tags?post=83780"}],"curies":[{"name":"wp","href":"https:\/\/api.w.org\/{rel}","templated":true}]}}