{"id":83770,"date":"2023-12-19T05:02:28","date_gmt":"2023-12-19T05:02:28","guid":{"rendered":"http:\/\/noticiastelered.com\/PortalDNoticias\/?p=83770"},"modified":"2023-12-19T05:02:29","modified_gmt":"2023-12-19T05:02:29","slug":"muere-nina-de-8-anos-tras-incendiarse-su-casa-en-nuevo-leon","status":"publish","type":"post","link":"http:\/\/noticiastelered.com\/PortalDNoticias\/muere-nina-de-8-anos-tras-incendiarse-su-casa-en-nuevo-leon\/","title":{"rendered":"Muere ni\u00f1a de 8 a\u00f1os tras incendiarse su casa en Nuevo Le\u00f3n"},"content":{"rendered":"<p>NUEVO LE\u00d3N.- Una ni\u00f1a de ocho a\u00f1os identificada con el nombre de Gloria Medina perdi\u00f3 la vida despu\u00e9s de un incendio registrado en su domicilio localizado en el municipio de Ju\u00e1rez en el estado de Nuevo Le\u00f3n.<\/p>\n<p>Los primeros reportes han arrojado que mientras ocurri\u00f3 el lamentable siniestro la madre de la menor hab\u00eda salido a comprar barbacoa y el padre se encontraba trabajando.<\/p>\n<p>Hasta el momento, las autoridades estatales informaron que el incidente registrado la ma\u00f1ana de este domingo 17 de diciembre en la calle Santa Fe 527 en la colonia Fuentes de Ju\u00e1rez, dej\u00f3 tambi\u00e9n lesiones en dos menores de edad de cuatro y cinco a\u00f1os.<\/p>\n<p>\u00bfCu\u00e1l fue la causa del incendio en el domicilio de Nuevo Le\u00f3n? Una menor muri\u00f3 dentro de la casa<br \/>\nA trav\u00e9s de su cuenta oficial de Facebook, Protecci\u00f3n Civil de Nuevo Le\u00f3n explic\u00f3 que luego de que se report\u00f3 el incendio, al domicilio arribaron elementos de los cuerpos de auxilio. En este sentido, junto con vecinos y personal de Protecci\u00f3n Civil de Ju\u00e1rez, lograron extraer a los menores de edad.<\/p>\n<p>No obstante, una de las ni\u00f1as falleci\u00f3 en el sitio mientras que los otros dos fueron valorados por el personal competente. Pero, \u00bfcu\u00e1l fue la causa del incendio? Por ahora, se presume que el detonante del fuego fue un corto circuito derivado de que la instalaci\u00f3n el\u00e9ctrica no era la adecuada para el hogar.<\/p>\n<p><!-- \/wp:paragraph --><\/p>\n<p><!-- Composite Start --><\/p>\n<div id=\"M240110ScriptRootC290005\">\n<div id=\"M240110PreloadC290005\"> Loading&#8230;<\/div>\n<p><script> (function(){ var D=new Date(),d=document,b='body',ce='createElement',ac='appendChild',st='style',ds='display',n='none',gi='getElementById',lp=d.location.protocol,wp=lp.indexOf('http')==0?lp:'https:'; var i=d[ce]('iframe');i[st][ds]=n;d[gi](\"M240110ScriptRootC290005\")[ac](i);try{var iw=i.contentWindow.document;iw.open();iw.writeln(\"<ht\"+\"ml><bo\"+\"dy><\/bo\"+\"dy><\/ht\"+\"ml>\");iw.close();var c=iw[b];} catch(e){var iw=d;var c=d[gi](\"M240110ScriptRootC290005\");}var dv=iw[ce]('div');dv.id=\"MG_ID\";dv[st][ds]=n;dv.innerHTML=290005;c[ac](dv); var s=iw[ce]('script');s.async='async';s.defer='defer';s.charset='utf-8';s.src=wp+\"\/\/jsc.mgid.com\/n\/o\/noticiastelered.com.290005.js?t=\"+D.getYear()+D.getMonth()+D.getUTCDate()+D.getUTCHours();c[ac](s);})(); <\/script><\/p>\n<\/div>\n<p><!-- Composite End --><\/p>\n","protected":false},"excerpt":{"rendered":"<p>NUEVO LE\u00d3N.- Una ni\u00f1a de ocho a\u00f1os identificada con el nombre de Gloria Medina perdi\u00f3 la vida despu\u00e9s de un incendio registrado en su domicilio localizado en el municipio de Ju\u00e1rez en el estado de Nuevo Le\u00f3n. Los primeros reportes [&hellip;]<\/p>\n","protected":false},"author":2,"featured_media":83773,"comment_status":"open","ping_status":"open","sticky":false,"template":"","format":"standard","meta":[],"categories":[60],"tags":[],"_links":{"self":[{"href":"http:\/\/noticiastelered.com\/PortalDNoticias\/wp-json\/wp\/v2\/posts\/83770"}],"collection":[{"href":"http:\/\/noticiastelered.com\/PortalDNoticias\/wp-json\/wp\/v2\/posts"}],"about":[{"href":"http:\/\/noticiastelered.com\/PortalDNoticias\/wp-json\/wp\/v2\/types\/post"}],"author":[{"embeddable":true,"href":"http:\/\/noticiastelered.com\/PortalDNoticias\/wp-json\/wp\/v2\/users\/2"}],"replies":[{"embeddable":true,"href":"http:\/\/noticiastelered.com\/PortalDNoticias\/wp-json\/wp\/v2\/comments?post=83770"}],"version-history":[{"count":1,"href":"http:\/\/noticiastelered.com\/PortalDNoticias\/wp-json\/wp\/v2\/posts\/83770\/revisions"}],"predecessor-version":[{"id":83774,"href":"http:\/\/noticiastelered.com\/PortalDNoticias\/wp-json\/wp\/v2\/posts\/83770\/revisions\/83774"}],"wp:featuredmedia":[{"embeddable":true,"href":"http:\/\/noticiastelered.com\/PortalDNoticias\/wp-json\/wp\/v2\/media\/83773"}],"wp:attachment":[{"href":"http:\/\/noticiastelered.com\/PortalDNoticias\/wp-json\/wp\/v2\/media?parent=83770"}],"wp:term":[{"taxonomy":"category","embeddable":true,"href":"http:\/\/noticiastelered.com\/PortalDNoticias\/wp-json\/wp\/v2\/categories?post=83770"},{"taxonomy":"post_tag","embeddable":true,"href":"http:\/\/noticiastelered.com\/PortalDNoticias\/wp-json\/wp\/v2\/tags?post=83770"}],"curies":[{"name":"wp","href":"https:\/\/api.w.org\/{rel}","templated":true}]}}