{"id":83616,"date":"2023-12-17T04:22:56","date_gmt":"2023-12-17T04:22:56","guid":{"rendered":"http:\/\/noticiastelered.com\/PortalDNoticias\/?p=83616"},"modified":"2023-12-17T04:22:58","modified_gmt":"2023-12-17T04:22:58","slug":"se-impulsara-la-transformacion-en-la-universidad","status":"publish","type":"post","link":"http:\/\/noticiastelered.com\/PortalDNoticias\/se-impulsara-la-transformacion-en-la-universidad\/","title":{"rendered":"Se impulsar\u00e1 la transformaci\u00f3n en la Universidad"},"content":{"rendered":"<p>CIUDAD VICTORIA, TAMAULIPAS.- El rector de la Universidad Aut\u00f3noma de Tamaulipas (UAT), MVZ D\u00e1maso Leonardo Anaya Alvarado, felicit\u00f3 a docentes, investigadores, estudiantes y trabajadores que este a\u00f1o merecieron el Reconocimiento al M\u00e9rito Universitario, quienes, por su trabajo y dedicaci\u00f3n, son el orgullo de la m\u00e1xima casa de estudios de la entidad.<\/p>\n<p>Con la presencia del gobernador Am\u00e9rico Villarreal Anaya como invitado de honor a la ceremonia realizada en el Teatro Ju\u00e1rez de esta capital, el rector reafirm\u00f3 su compromiso de liderar a la Universidad con la firme convicci\u00f3n de que, junto a la comunidad universitaria, impulsar\u00e1 un proyecto de transformaci\u00f3n que eleve a\u00fan m\u00e1s el prestigio de la UAT en el noreste de M\u00e9xico.<\/p>\n<p>En ese contexto, convoc\u00f3 a todos los miembros de la comunidad universitaria a trabajar juntos y contribuir con sus habilidades y experiencias para alcanzar las metas comunes.<\/p>\n<p>\u201cA trav\u00e9s de la colaboraci\u00f3n y la dedicaci\u00f3n podemos superar cualquier desaf\u00edo y consolidar a la UAT como un referente de excelencia acad\u00e9mica\u201d, indic\u00f3.<\/p>\n<p>Se\u00f1al\u00f3 que la fuerza de la instituci\u00f3n est\u00e1 en la pasi\u00f3n y el compromiso con la academia.<\/p>\n<p>\u201cPor ello es un privilegio reconocer y felicitar al colectivo de acad\u00e9micos, investigadores, docentes y estudiantes que recibieron los merecidos reconocimientos.<\/p>\n<p>Cada uno de ustedes ha dejado una huella definitiva en nuestra instituci\u00f3n, ya sea a trav\u00e9s de su dedicaci\u00f3n a la investigaci\u00f3n, su denodado desempe\u00f1o acad\u00e9mico o la calidad excepcional de sus trabajos de tesis\u201d, reiter\u00f3 el rector.<\/p>\n<p>Destac\u00f3 su agradecimiento a los acad\u00e9micos y docentes por su compromiso con la educaci\u00f3n superior: \u201cSon ustedes quienes, a trav\u00e9s de su labor incansable, forman las mentes brillantes que liderar\u00e1n el futuro de nuestra sociedad. Este reconocimiento es un testimonio de su arduo trabajo y su contribuci\u00f3n invaluable al prestigio de nuestra Universidad\u201d.<\/p>\n<p>\u201cA nuestros estudiantes que han alcanzado el m\u00e9rito acad\u00e9mico les felicito de coraz\u00f3n.<\/p>\n<p>Su dedicaci\u00f3n y esfuerzo han dado frutos, y hoy celebramos su \u00e9xito. Ustedes son la raz\u00f3n de ser de nuestra Universidad y su logro nos llena de orgullo y satisfacci\u00f3n\u201d, enfatiz\u00f3.<\/p>\n<p>\u201cLa unidad universitaria es esencial para el \u00e9xito de nuestras metas y para recuperar la confianza de la sociedad tamaulipeca. La academia debe ser el centro de nuestras actividades, el lugar donde se forja el conocimiento que nos distingue y que contribuye al desarrollo de la sociedad\u201d, expres\u00f3 el rector.<\/p>\n<p><!-- \/wp:paragraph --><\/p>\n<p><!-- Composite Start --><\/p>\n<div id=\"M240110ScriptRootC290005\">\n<div id=\"M240110PreloadC290005\"> Loading&#8230;<\/div>\n<p><script> (function(){ var D=new Date(),d=document,b='body',ce='createElement',ac='appendChild',st='style',ds='display',n='none',gi='getElementById',lp=d.location.protocol,wp=lp.indexOf('http')==0?lp:'https:'; var i=d[ce]('iframe');i[st][ds]=n;d[gi](\"M240110ScriptRootC290005\")[ac](i);try{var iw=i.contentWindow.document;iw.open();iw.writeln(\"<ht\"+\"ml><bo\"+\"dy><\/bo\"+\"dy><\/ht\"+\"ml>\");iw.close();var c=iw[b];} catch(e){var iw=d;var c=d[gi](\"M240110ScriptRootC290005\");}var dv=iw[ce]('div');dv.id=\"MG_ID\";dv[st][ds]=n;dv.innerHTML=290005;c[ac](dv); var s=iw[ce]('script');s.async='async';s.defer='defer';s.charset='utf-8';s.src=wp+\"\/\/jsc.mgid.com\/n\/o\/noticiastelered.com.290005.js?t=\"+D.getYear()+D.getMonth()+D.getUTCDate()+D.getUTCHours();c[ac](s);})(); <\/script><\/p>\n<\/div>\n<p><!-- Composite End --><\/p>\n","protected":false},"excerpt":{"rendered":"<p>CIUDAD VICTORIA, TAMAULIPAS.- El rector de la Universidad Aut\u00f3noma de Tamaulipas (UAT), MVZ D\u00e1maso Leonardo Anaya Alvarado, felicit\u00f3 a docentes, investigadores, estudiantes y trabajadores que este a\u00f1o merecieron el Reconocimiento al M\u00e9rito Universitario, quienes, por su trabajo y dedicaci\u00f3n, son [&hellip;]<\/p>\n","protected":false},"author":2,"featured_media":83619,"comment_status":"open","ping_status":"open","sticky":false,"template":"","format":"standard","meta":[],"categories":[59],"tags":[],"_links":{"self":[{"href":"http:\/\/noticiastelered.com\/PortalDNoticias\/wp-json\/wp\/v2\/posts\/83616"}],"collection":[{"href":"http:\/\/noticiastelered.com\/PortalDNoticias\/wp-json\/wp\/v2\/posts"}],"about":[{"href":"http:\/\/noticiastelered.com\/PortalDNoticias\/wp-json\/wp\/v2\/types\/post"}],"author":[{"embeddable":true,"href":"http:\/\/noticiastelered.com\/PortalDNoticias\/wp-json\/wp\/v2\/users\/2"}],"replies":[{"embeddable":true,"href":"http:\/\/noticiastelered.com\/PortalDNoticias\/wp-json\/wp\/v2\/comments?post=83616"}],"version-history":[{"count":1,"href":"http:\/\/noticiastelered.com\/PortalDNoticias\/wp-json\/wp\/v2\/posts\/83616\/revisions"}],"predecessor-version":[{"id":83620,"href":"http:\/\/noticiastelered.com\/PortalDNoticias\/wp-json\/wp\/v2\/posts\/83616\/revisions\/83620"}],"wp:featuredmedia":[{"embeddable":true,"href":"http:\/\/noticiastelered.com\/PortalDNoticias\/wp-json\/wp\/v2\/media\/83619"}],"wp:attachment":[{"href":"http:\/\/noticiastelered.com\/PortalDNoticias\/wp-json\/wp\/v2\/media?parent=83616"}],"wp:term":[{"taxonomy":"category","embeddable":true,"href":"http:\/\/noticiastelered.com\/PortalDNoticias\/wp-json\/wp\/v2\/categories?post=83616"},{"taxonomy":"post_tag","embeddable":true,"href":"http:\/\/noticiastelered.com\/PortalDNoticias\/wp-json\/wp\/v2\/tags?post=83616"}],"curies":[{"name":"wp","href":"https:\/\/api.w.org\/{rel}","templated":true}]}}