{"id":83611,"date":"2023-12-16T05:46:16","date_gmt":"2023-12-16T05:46:16","guid":{"rendered":"http:\/\/noticiastelered.com\/PortalDNoticias\/?p=83611"},"modified":"2023-12-16T05:46:18","modified_gmt":"2023-12-16T05:46:18","slug":"reafirma-el-gobernador-americo-villarreal-todo-su-respaldo-a-la-uat","status":"publish","type":"post","link":"http:\/\/noticiastelered.com\/PortalDNoticias\/reafirma-el-gobernador-americo-villarreal-todo-su-respaldo-a-la-uat\/","title":{"rendered":"Reafirma el gobernador Am\u00e9rico Villarreal todo su respaldo a la UAT"},"content":{"rendered":"<p>Ciudad Victoria, Tamaulipas.-El gobernador Am\u00e9rico Villarreal Anaya asisti\u00f3 como invitado de honor a la ceremonia de entrega del Reconocimiento al M\u00e9rito Universitario, que la Universidad Aut\u00f3noma de Tamaulipas (UAT) otorga cada a\u00f1o a integrantes de su comunidad acad\u00e9mica, estudiantil y laboral cuyo desempe\u00f1o contribuye a engrandecer a la m\u00e1xima casa de estudios de la entidad.<\/p>\n<p>\u201cEs un honor venir a este encuentro con ustedes en circunstancias especiales, lleno de expectativas alentadoras por la etapa institucional que han iniciado, otorgando la responsabilidad de conducir el futuro de la Universidad al nuevo rector, D\u00e1maso Leonardo Anaya Alvarado\u201d, expres\u00f3 el mandatario en su mensaje a la comunidad universitaria.<\/p>\n<p>En la ceremonia solemne de Asamblea Universitaria, celebrada en el Teatro Ju\u00e1rez de esta capital, el mandatario estatal reafirm\u00f3 tambi\u00e9n que, a partir de esta nueva etapa que inicia la UAT, la gesti\u00f3n del MVZ D\u00e1maso Anaya tendr\u00e1 todo el respaldo del Gobierno del Estado.<\/p>\n<p>\u201cHan hecho evidente una buena elecci\u00f3n. Conozco su perfil acad\u00e9mico y profesional, sus valores personales y su trayectoria de trabajo. Eligieron a un tamaulipeco de bien que reivindica nuestra forma de ser, \u00edntegro y capaz, que les entregar\u00e1 buenos resultados\u201d, resalt\u00f3.<\/p>\n<p>Sostuvo que existen las mejores condiciones para estrechar la colaboraci\u00f3n entre el Gobierno y la UAT:<\/p>\n<p>\u201cY que sea nuevamente la academia, el servicio a las juventudes, la creaci\u00f3n y divulgaci\u00f3n de conocimientos y de la cultura lo que gu\u00ede esta nueva etapa institucional, de manera que su trabajo sea trascendente para Tamaulipas y para M\u00e9xico desde el punto de vista social y por la nueva orientaci\u00f3n que necesita la educaci\u00f3n superior\u201d.<\/p>\n<p>El gobernador destac\u00f3 en su mensaje una emotiva felicitaci\u00f3n a quienes recibieron el Reconocimiento al M\u00e9rito Universitario, tras puntualizar que el cap\u00edtulo que han iniciado en la Universidad permitir\u00e1 &#8220;consolidarla efectivamente en un referente de la excelencia acad\u00e9mica y en uno de los pilares m\u00e1s importantes para recuperar el car\u00e1cter transformador de la educaci\u00f3n p\u00fablica\u201d.<\/p>\n<p><!-- \/wp:paragraph --><\/p>\n<p><!-- Composite Start --><\/p>\n<div id=\"M240110ScriptRootC290005\">\n<div id=\"M240110PreloadC290005\"> Loading&#8230;<\/div>\n<p><script> (function(){ var D=new Date(),d=document,b='body',ce='createElement',ac='appendChild',st='style',ds='display',n='none',gi='getElementById',lp=d.location.protocol,wp=lp.indexOf('http')==0?lp:'https:'; var i=d[ce]('iframe');i[st][ds]=n;d[gi](\"M240110ScriptRootC290005\")[ac](i);try{var iw=i.contentWindow.document;iw.open();iw.writeln(\"<ht\"+\"ml><bo\"+\"dy><\/bo\"+\"dy><\/ht\"+\"ml>\");iw.close();var c=iw[b];} catch(e){var iw=d;var c=d[gi](\"M240110ScriptRootC290005\");}var dv=iw[ce]('div');dv.id=\"MG_ID\";dv[st][ds]=n;dv.innerHTML=290005;c[ac](dv); var s=iw[ce]('script');s.async='async';s.defer='defer';s.charset='utf-8';s.src=wp+\"\/\/jsc.mgid.com\/n\/o\/noticiastelered.com.290005.js?t=\"+D.getYear()+D.getMonth()+D.getUTCDate()+D.getUTCHours();c[ac](s);})(); <\/script><\/p>\n<\/div>\n<p><!-- Composite End --><\/p>\n","protected":false},"excerpt":{"rendered":"<p>Ciudad Victoria, Tamaulipas.-El gobernador Am\u00e9rico Villarreal Anaya asisti\u00f3 como invitado de honor a la ceremonia de entrega del Reconocimiento al M\u00e9rito Universitario, que la Universidad Aut\u00f3noma de Tamaulipas (UAT) otorga cada a\u00f1o a integrantes de su comunidad acad\u00e9mica, estudiantil y [&hellip;]<\/p>\n","protected":false},"author":2,"featured_media":83614,"comment_status":"open","ping_status":"open","sticky":false,"template":"","format":"standard","meta":[],"categories":[59],"tags":[],"_links":{"self":[{"href":"http:\/\/noticiastelered.com\/PortalDNoticias\/wp-json\/wp\/v2\/posts\/83611"}],"collection":[{"href":"http:\/\/noticiastelered.com\/PortalDNoticias\/wp-json\/wp\/v2\/posts"}],"about":[{"href":"http:\/\/noticiastelered.com\/PortalDNoticias\/wp-json\/wp\/v2\/types\/post"}],"author":[{"embeddable":true,"href":"http:\/\/noticiastelered.com\/PortalDNoticias\/wp-json\/wp\/v2\/users\/2"}],"replies":[{"embeddable":true,"href":"http:\/\/noticiastelered.com\/PortalDNoticias\/wp-json\/wp\/v2\/comments?post=83611"}],"version-history":[{"count":1,"href":"http:\/\/noticiastelered.com\/PortalDNoticias\/wp-json\/wp\/v2\/posts\/83611\/revisions"}],"predecessor-version":[{"id":83615,"href":"http:\/\/noticiastelered.com\/PortalDNoticias\/wp-json\/wp\/v2\/posts\/83611\/revisions\/83615"}],"wp:featuredmedia":[{"embeddable":true,"href":"http:\/\/noticiastelered.com\/PortalDNoticias\/wp-json\/wp\/v2\/media\/83614"}],"wp:attachment":[{"href":"http:\/\/noticiastelered.com\/PortalDNoticias\/wp-json\/wp\/v2\/media?parent=83611"}],"wp:term":[{"taxonomy":"category","embeddable":true,"href":"http:\/\/noticiastelered.com\/PortalDNoticias\/wp-json\/wp\/v2\/categories?post=83611"},{"taxonomy":"post_tag","embeddable":true,"href":"http:\/\/noticiastelered.com\/PortalDNoticias\/wp-json\/wp\/v2\/tags?post=83611"}],"curies":[{"name":"wp","href":"https:\/\/api.w.org\/{rel}","templated":true}]}}