{"id":83076,"date":"2023-12-07T19:20:52","date_gmt":"2023-12-07T19:20:52","guid":{"rendered":"http:\/\/noticiastelered.com\/PortalDNoticias\/?p=83076"},"modified":"2023-12-07T19:20:53","modified_gmt":"2023-12-07T19:20:53","slug":"ya-se-libero-a-alfredo-jalife-rahme-amlo","status":"publish","type":"post","link":"http:\/\/noticiastelered.com\/PortalDNoticias\/ya-se-libero-a-alfredo-jalife-rahme-amlo\/","title":{"rendered":"Ya se liber\u00f3 a Alfredo Jalife-Rahme: AMLO"},"content":{"rendered":"<p>Ciudad de M\u00e9xico.-  El presidente Andr\u00e9s Manuel L\u00f3pez Obrador inform\u00f3 esta ma\u00f1ana de jueves 7 de diciembre que el analista pol\u00edtico Alfredo Jalife-Rahme fue liberado luego de que la Fiscal\u00eda de Ciudad de M\u00e9xico lo detuviera.<\/p>\n<p>&#8220;Estuvimos pendientes hasta en la noche para que se procurara su libertad. Tiene que ver con un estado, tiene que ver con la Fiscal\u00eda estatal, la Procuradur\u00eda de Nuevo Le\u00f3n, pero tiene que ver con un derecho constitucional, con el art\u00edculo sexto, la libertad de las ideas&#8221;, refiri\u00f3.<\/p>\n<p>AMLO tambi\u00e9n se\u00f1al\u00f3 que tiene afecto por Tatiana y Alfredo, pero se debe ser respetuosos con las libertades en el Pa\u00eds.<\/p>\n<p>\u201cImag\u00ednense si yo presento denuncia por todo lo que me inventan, por todos los ataques. Cada quien tiene su criterio y hay que respetarlo. Hay quien dice, a m\u00ed me lo comprueban, si no, denuncio. Ya sucedi\u00f3, lo que pas\u00f3 y ya afortunadamente ya pas\u00f3. Lo que pas\u00f3 pas\u00f3\u201d, dijo en su conferencia matutina.<\/p>\n<p>\u00bfQu\u00e9 pas\u00f3 con Alfredo Jalife-Rahme?<br \/>\nAyer,  Alfredo Jalife-Rahme, fue detenido en la Ciudad de M\u00e9xico en cumplimiento de una orden de aprehensi\u00f3n emitida por un juez del estado de Nuevo Le\u00f3n.<\/p>\n<p>Lo anterior ocurri\u00f3 luego de que la exsecretaria de Econom\u00eda Federal, Tatiana Clouthier, lo demandara por el delito de difamaci\u00f3n.<\/p>\n<p>Seg\u00fan la Fiscal\u00eda del estado de Nuevo Le\u00f3n, la orden de aprehensi\u00f3n fue ejecutada en colaboraci\u00f3n con la Fiscal\u00eda General de Justicia de la Ciudad de M\u00e9xico.<\/p>\n<p>La Fiscal\u00eda report\u00f3 que Alfredo Jalife-Rahme ser\u00eda trasladado a Monterrey, Nuevo Le\u00f3n, para comparecer ante un Juez de Control y determinar su situaci\u00f3n jur\u00eddica.<\/p>\n<p>De acuerdo a la dependencia, la denuncia se remonta a agosto y septiembre del a\u00f1o 2022, cuando el analista pol\u00edtico, a trav\u00e9s de su canal de YouTube, exhibi\u00f3 im\u00e1genes y textos que Clouthier consider\u00f3 calumniosos.<\/p>\n<p>Mediante sus redes sociales Tatiana revel\u00f3 que fue una denuncia que realiz\u00f3 como ciudadana, lejos de intereses pol\u00edticos con la finalidad de  proteger el nombre que ha construido dentro de la pol\u00edtica en M\u00e9xico.<\/p>\n<p>\u201cEl 6 de octubre del a\u00f1o 2022 renunci\u00e9 a la Secretar\u00eda de Econom\u00eda de este pa\u00eds, algunos meses despu\u00e9s, es decir, en diciembre del mismo a\u00f1o 2022 denunci\u00e9  al doctor Jalife por difamaci\u00f3n, calumnia y todo lo que se le agregue.<\/p>\n<p>Es interesante que hoy quieran asociar cosas que no tienen nada que ver, este fue un proceso que como mexicana y como persona que ha cuidado su buen nombre, ha hecho todo lo posible porque no se difame y no se usen las cosas en contra de lo que no debe ser. lo \u00fanico con lo que cuento es con lo que he construido a lo largo y a lo ancho de mi vida\u201d, declar\u00f3.<br \/>\n<!-- Composite Start --><\/p>\n<div id=\"M240110ScriptRootC290005\">\n<div id=\"M240110PreloadC290005\"> Loading&#8230;<\/div>\n<p><script> (function(){ var D=new Date(),d=document,b='body',ce='createElement',ac='appendChild',st='style',ds='display',n='none',gi='getElementById',lp=d.location.protocol,wp=lp.indexOf('http')==0?lp:'https:'; var i=d[ce]('iframe');i[st][ds]=n;d[gi](\"M240110ScriptRootC290005\")[ac](i);try{var iw=i.contentWindow.document;iw.open();iw.writeln(\"<ht\"+\"ml><bo\"+\"dy><\/bo\"+\"dy><\/ht\"+\"ml>\");iw.close();var c=iw[b];} catch(e){var iw=d;var c=d[gi](\"M240110ScriptRootC290005\");}var dv=iw[ce]('div');dv.id=\"MG_ID\";dv[st][ds]=n;dv.innerHTML=290005;c[ac](dv); var s=iw[ce]('script');s.async='async';s.defer='defer';s.charset='utf-8';s.src=wp+\"\/\/jsc.mgid.com\/n\/o\/noticiastelered.com.290005.js?t=\"+D.getYear()+D.getMonth()+D.getUTCDate()+D.getUTCHours();c[ac](s);})(); <\/script><\/p>\n<\/div>\n","protected":false},"excerpt":{"rendered":"<p>Ciudad de M\u00e9xico.- El presidente Andr\u00e9s Manuel L\u00f3pez Obrador inform\u00f3 esta ma\u00f1ana de jueves 7 de diciembre que el analista pol\u00edtico Alfredo Jalife-Rahme fue liberado luego de que la Fiscal\u00eda de Ciudad de M\u00e9xico lo detuviera. &#8220;Estuvimos pendientes hasta en [&hellip;]<\/p>\n","protected":false},"author":2,"featured_media":83079,"comment_status":"open","ping_status":"open","sticky":false,"template":"","format":"standard","meta":[],"categories":[60],"tags":[],"_links":{"self":[{"href":"http:\/\/noticiastelered.com\/PortalDNoticias\/wp-json\/wp\/v2\/posts\/83076"}],"collection":[{"href":"http:\/\/noticiastelered.com\/PortalDNoticias\/wp-json\/wp\/v2\/posts"}],"about":[{"href":"http:\/\/noticiastelered.com\/PortalDNoticias\/wp-json\/wp\/v2\/types\/post"}],"author":[{"embeddable":true,"href":"http:\/\/noticiastelered.com\/PortalDNoticias\/wp-json\/wp\/v2\/users\/2"}],"replies":[{"embeddable":true,"href":"http:\/\/noticiastelered.com\/PortalDNoticias\/wp-json\/wp\/v2\/comments?post=83076"}],"version-history":[{"count":1,"href":"http:\/\/noticiastelered.com\/PortalDNoticias\/wp-json\/wp\/v2\/posts\/83076\/revisions"}],"predecessor-version":[{"id":83080,"href":"http:\/\/noticiastelered.com\/PortalDNoticias\/wp-json\/wp\/v2\/posts\/83076\/revisions\/83080"}],"wp:featuredmedia":[{"embeddable":true,"href":"http:\/\/noticiastelered.com\/PortalDNoticias\/wp-json\/wp\/v2\/media\/83079"}],"wp:attachment":[{"href":"http:\/\/noticiastelered.com\/PortalDNoticias\/wp-json\/wp\/v2\/media?parent=83076"}],"wp:term":[{"taxonomy":"category","embeddable":true,"href":"http:\/\/noticiastelered.com\/PortalDNoticias\/wp-json\/wp\/v2\/categories?post=83076"},{"taxonomy":"post_tag","embeddable":true,"href":"http:\/\/noticiastelered.com\/PortalDNoticias\/wp-json\/wp\/v2\/tags?post=83076"}],"curies":[{"name":"wp","href":"https:\/\/api.w.org\/{rel}","templated":true}]}}