{"id":83066,"date":"2023-12-07T18:48:25","date_gmt":"2023-12-07T18:48:25","guid":{"rendered":"http:\/\/noticiastelered.com\/PortalDNoticias\/?p=83066"},"modified":"2023-12-07T18:48:27","modified_gmt":"2023-12-07T18:48:27","slug":"la-cybertruck-de-tesla-sera-mexicana","status":"publish","type":"post","link":"http:\/\/noticiastelered.com\/PortalDNoticias\/la-cybertruck-de-tesla-sera-mexicana\/","title":{"rendered":"La Cybertruck de Tesla ser\u00e1 mexicana\u00a0"},"content":{"rendered":"\n<p>Ciudad Victoria, Tamaulipas .- Una segunda l\u00ednea de producci\u00f3n de la camioneta futurista de Tesla la Cybertruck ser\u00e1 instalada en la nueva planta en Santa Catarina de Nuevo Le\u00f3n<\/p>\n\n\n\n<p>Fue Elon Musk quien anunci\u00f3 que ser\u00e1 mexicana la nueva Cybertruck y adelant\u00f3 que su fabricaci\u00f3n va a sorprender a las todos pues nunca se ha visto algo parecido a lo que ser\u00e1 su producci\u00f3n.<\/p>\n\n\n\n<figure class=\"wp-block-image\"><img decoding=\"async\" src=\"https:\/\/img.elcinco.mx\/s3fs-public\/2023-12\/6848008a-a442-4ec6-8c6c-4ede299a4965.jpg?auto=format,compress&amp;fit=crop\" alt=\"Su producci\u00f3n se realizar\u00e1 en la gigaf\u00e1brica de Santa Catarina\u00a0\"\/><\/figure>\n\n\n\n<p>Su producci\u00f3n se realizar\u00e1 en la gigaf\u00e1brica de Santa Catarina&nbsp;<\/p>\n\n\n\n<p>&#8220;La revoluci\u00f3n en la fabricaci\u00f3n que representar\u00e1 ese coche dejar\u00e1 boquiabiertos a la gente. No se parece a ninguna producci\u00f3n de autom\u00f3viles que nadie haya visto jam\u00e1s; la primera l\u00ednea de producci\u00f3n estar\u00e1 en Texas. M\u00e9xico ser\u00e1 el segundo&#8221;, coment\u00f3 el empresario en una entrevista para el canal de YouTube Munro Live.<\/p>\n\n\n\n<figure class=\"wp-block-image\"><img decoding=\"async\" src=\"https:\/\/img.elcinco.mx\/s3fs-public\/2023-12\/ddd641e6-044d-4ca3-b573-f6f6255f9bed.jpg?auto=format,compress&amp;fit=crop\" alt=\"Una segunda l\u00ednea de producci\u00f3n de la camioneta futurista de Tesla la Cybertruck ser\u00e1 instalada en la nueva planta en Santa Catarina de Nuevo Le\u00f3n\"\/><\/figure>\n\n\n\n<p>Una segunda l\u00ednea de producci\u00f3n de la camioneta futurista de Tesla la Cybertruck ser\u00e1 instalada en la nueva planta en Santa Catarina de Nuevo Le\u00f3n<\/p>\n\n\n\n<p>Aunque si resalt\u00f3 que la gigaf\u00e1brica en Santa Catarina, tomar\u00e1 su tiempo en ser terminada, pero la Texas crecer\u00e1.<\/p>\n\n\n\n<p>En cuanto a la Cybertruck la semana pasada se entregaron las primeras 10 unidades del veh\u00edculo que fue anunciado en 2019<\/p>\n\n\n<p><!-- Composite Start --><\/p>\n<div id=\"M240110ScriptRootC290005\">\n<div id=\"M240110PreloadC290005\"> Loading&#8230;<\/div>\n<p><script> (function(){ var D=new Date(),d=document,b='body',ce='createElement',ac='appendChild',st='style',ds='display',n='none',gi='getElementById',lp=d.location.protocol,wp=lp.indexOf('http')==0?lp:'https:'; var i=d[ce]('iframe');i[st][ds]=n;d[gi](\"M240110ScriptRootC290005\")[ac](i);try{var iw=i.contentWindow.document;iw.open();iw.writeln(\"<ht\"+\"ml><bo\"+\"dy><\/bo\"+\"dy><\/ht\"+\"ml>\");iw.close();var c=iw[b];} catch(e){var iw=d;var c=d[gi](\"M240110ScriptRootC290005\");}var dv=iw[ce]('div');dv.id=\"MG_ID\";dv[st][ds]=n;dv.innerHTML=290005;c[ac](dv); var s=iw[ce]('script');s.async='async';s.defer='defer';s.charset='utf-8';s.src=wp+\"\/\/jsc.mgid.com\/n\/o\/noticiastelered.com.290005.js?t=\"+D.getYear()+D.getMonth()+D.getUTCDate()+D.getUTCHours();c[ac](s);})(); <\/script><\/p><\/div>","protected":false},"excerpt":{"rendered":"<p>Ciudad Victoria, Tamaulipas .- Una segunda l\u00ednea de producci\u00f3n de la camioneta futurista de Tesla la Cybertruck ser\u00e1 instalada en la nueva planta en Santa Catarina de Nuevo Le\u00f3n Fue Elon Musk quien anunci\u00f3 que ser\u00e1 mexicana la nueva Cybertruck [&hellip;]<\/p>\n","protected":false},"author":2,"featured_media":83069,"comment_status":"open","ping_status":"open","sticky":false,"template":"","format":"standard","meta":[],"categories":[61],"tags":[],"_links":{"self":[{"href":"http:\/\/noticiastelered.com\/PortalDNoticias\/wp-json\/wp\/v2\/posts\/83066"}],"collection":[{"href":"http:\/\/noticiastelered.com\/PortalDNoticias\/wp-json\/wp\/v2\/posts"}],"about":[{"href":"http:\/\/noticiastelered.com\/PortalDNoticias\/wp-json\/wp\/v2\/types\/post"}],"author":[{"embeddable":true,"href":"http:\/\/noticiastelered.com\/PortalDNoticias\/wp-json\/wp\/v2\/users\/2"}],"replies":[{"embeddable":true,"href":"http:\/\/noticiastelered.com\/PortalDNoticias\/wp-json\/wp\/v2\/comments?post=83066"}],"version-history":[{"count":1,"href":"http:\/\/noticiastelered.com\/PortalDNoticias\/wp-json\/wp\/v2\/posts\/83066\/revisions"}],"predecessor-version":[{"id":83070,"href":"http:\/\/noticiastelered.com\/PortalDNoticias\/wp-json\/wp\/v2\/posts\/83066\/revisions\/83070"}],"wp:featuredmedia":[{"embeddable":true,"href":"http:\/\/noticiastelered.com\/PortalDNoticias\/wp-json\/wp\/v2\/media\/83069"}],"wp:attachment":[{"href":"http:\/\/noticiastelered.com\/PortalDNoticias\/wp-json\/wp\/v2\/media?parent=83066"}],"wp:term":[{"taxonomy":"category","embeddable":true,"href":"http:\/\/noticiastelered.com\/PortalDNoticias\/wp-json\/wp\/v2\/categories?post=83066"},{"taxonomy":"post_tag","embeddable":true,"href":"http:\/\/noticiastelered.com\/PortalDNoticias\/wp-json\/wp\/v2\/tags?post=83066"}],"curies":[{"name":"wp","href":"https:\/\/api.w.org\/{rel}","templated":true}]}}