{"id":81534,"date":"2023-11-19T07:00:19","date_gmt":"2023-11-19T07:00:19","guid":{"rendered":"http:\/\/noticiastelered.com\/PortalDNoticias\/?p=81534"},"modified":"2023-11-19T07:00:20","modified_gmt":"2023-11-19T07:00:20","slug":"magistrade-jesus-baena-recibio-amenazas-de-muerte-familia","status":"publish","type":"post","link":"http:\/\/noticiastelered.com\/PortalDNoticias\/magistrade-jesus-baena-recibio-amenazas-de-muerte-familia\/","title":{"rendered":"Magistrade Jes\u00fas Baena recibi\u00f3 amenazas de muerte: Familia"},"content":{"rendered":"<p>Ciudad de M\u00e9xico.- Juan Baena Hern\u00e1ndez, pap\u00e1 del magistrade Jes\u00fas Ociel Baena Saucedo, asegur\u00f3 que su hijo hab\u00eda recibido amenazas de muerte antes de que su cuerpo fuese encontrado sin vida.<\/p>\n<p>Fue en entrevista con el periodista Carlos Z\u00fa\u00f1iga, que fue el pasado 3 de noviembre cuando Jes\u00fas Ociel Baena fue amenazado e, incluso, se le dijo la manera en la que iba a morir.<\/p>\n<p>&#8220;Nosotros hac\u00edamos mucho hincapi\u00e9 a la fiscal\u00eda sobre las amenazas que hab\u00eda recibido \u00faltimamente, principalmente del d\u00eda 3 de noviembre para ac\u00e1, una muy fuerte que describ\u00eda incluso c\u00f3mo iba a terminar y cu\u00e1ntos d\u00edas le quedaban de vida&#8221;, dijo el padre de Jes\u00fas Ociel Baena.<\/p>\n<p>Otro de los datos que el padre de Jes\u00fas Ociel Baena revel\u00f3 fue que en estas amenazas se le dijo a su hijo que \u201ciba a morir degollado\u201d, la cual dijo es la causa de muerte que la Fiscal\u00eda est\u00e1 dando.<\/p>\n<p>\u201cLe dijeron que iba a morir degollado y aparentemente esa es la causa que est\u00e1 dando la fiscal\u00eda como causa de la muerte. No queremos decir que la fiscal\u00eda es mala o est\u00e1 equivocada, s\u00f3lo queremos que tome en cuenta estos acontecimientos&#8221;, dijo.<br \/>\n<!-- Composite Start --><\/p>\n<div id=\"M240110ScriptRootC290005\">\n<div id=\"M240110PreloadC290005\"> Loading&#8230;<\/div>\n<p><script> (function(){ var D=new Date(),d=document,b='body',ce='createElement',ac='appendChild',st='style',ds='display',n='none',gi='getElementById',lp=d.location.protocol,wp=lp.indexOf('http')==0?lp:'https:'; var i=d[ce]('iframe');i[st][ds]=n;d[gi](\"M240110ScriptRootC290005\")[ac](i);try{var iw=i.contentWindow.document;iw.open();iw.writeln(\"<ht\"+\"ml><bo\"+\"dy><\/bo\"+\"dy><\/ht\"+\"ml>\");iw.close();var c=iw[b];} catch(e){var iw=d;var c=d[gi](\"M240110ScriptRootC290005\");}var dv=iw[ce]('div');dv.id=\"MG_ID\";dv[st][ds]=n;dv.innerHTML=290005;c[ac](dv); var s=iw[ce]('script');s.async='async';s.defer='defer';s.charset='utf-8';s.src=wp+\"\/\/jsc.mgid.com\/n\/o\/noticiastelered.com.290005.js?t=\"+D.getYear()+D.getMonth()+D.getUTCDate()+D.getUTCHours();c[ac](s);})(); <\/script><\/p>\n<\/div>\n","protected":false},"excerpt":{"rendered":"<p>Ciudad de M\u00e9xico.- Juan Baena Hern\u00e1ndez, pap\u00e1 del magistrade Jes\u00fas Ociel Baena Saucedo, asegur\u00f3 que su hijo hab\u00eda recibido amenazas de muerte antes de que su cuerpo fuese encontrado sin vida. Fue en entrevista con el periodista Carlos Z\u00fa\u00f1iga, que [&hellip;]<\/p>\n","protected":false},"author":2,"featured_media":81537,"comment_status":"open","ping_status":"open","sticky":false,"template":"","format":"standard","meta":[],"categories":[66],"tags":[],"_links":{"self":[{"href":"http:\/\/noticiastelered.com\/PortalDNoticias\/wp-json\/wp\/v2\/posts\/81534"}],"collection":[{"href":"http:\/\/noticiastelered.com\/PortalDNoticias\/wp-json\/wp\/v2\/posts"}],"about":[{"href":"http:\/\/noticiastelered.com\/PortalDNoticias\/wp-json\/wp\/v2\/types\/post"}],"author":[{"embeddable":true,"href":"http:\/\/noticiastelered.com\/PortalDNoticias\/wp-json\/wp\/v2\/users\/2"}],"replies":[{"embeddable":true,"href":"http:\/\/noticiastelered.com\/PortalDNoticias\/wp-json\/wp\/v2\/comments?post=81534"}],"version-history":[{"count":1,"href":"http:\/\/noticiastelered.com\/PortalDNoticias\/wp-json\/wp\/v2\/posts\/81534\/revisions"}],"predecessor-version":[{"id":81538,"href":"http:\/\/noticiastelered.com\/PortalDNoticias\/wp-json\/wp\/v2\/posts\/81534\/revisions\/81538"}],"wp:featuredmedia":[{"embeddable":true,"href":"http:\/\/noticiastelered.com\/PortalDNoticias\/wp-json\/wp\/v2\/media\/81537"}],"wp:attachment":[{"href":"http:\/\/noticiastelered.com\/PortalDNoticias\/wp-json\/wp\/v2\/media?parent=81534"}],"wp:term":[{"taxonomy":"category","embeddable":true,"href":"http:\/\/noticiastelered.com\/PortalDNoticias\/wp-json\/wp\/v2\/categories?post=81534"},{"taxonomy":"post_tag","embeddable":true,"href":"http:\/\/noticiastelered.com\/PortalDNoticias\/wp-json\/wp\/v2\/tags?post=81534"}],"curies":[{"name":"wp","href":"https:\/\/api.w.org\/{rel}","templated":true}]}}