{"id":81142,"date":"2023-11-14T18:04:41","date_gmt":"2023-11-14T18:04:41","guid":{"rendered":"http:\/\/noticiastelered.com\/PortalDNoticias\/?p=81142"},"modified":"2023-11-14T18:04:43","modified_gmt":"2023-11-14T18:04:43","slug":"se-mantendra-un-efecto-de-norte-en-tamaulipas","status":"publish","type":"post","link":"http:\/\/noticiastelered.com\/PortalDNoticias\/se-mantendra-un-efecto-de-norte-en-tamaulipas\/","title":{"rendered":"Se mantendr\u00e1 un efecto de \u201cnorte\u201d en Tamaulipas"},"content":{"rendered":"<p>CD. VICTORIA, TAM.- Un refuerzo de un d\u00e9bil aire fr\u00edo mantendr\u00e1 las condiciones frescas y con humedad hasta el d\u00eda de ma\u00f1ana en gran parte de Tamaulipas.<\/p>\n<p>Este lleg\u00f3 la madrugada de hoy martes junto con otra ligera llovizna que afect\u00f3 parte del centro tamaulipeco y terminar\u00e1 sus efectos este mi\u00e9rcoles 15.<\/p>\n<p>De acuerdo a Meteorolog\u00eda Tamaulipas habr\u00e1 a\u00fan efecto \u201cNorte\u201d y probabilidades de lluvia de un 10 hasta un 20 por ciento en el norte, centro y parte del sur.<\/p>\n<p>\u201cD\u00e9bil refuerzo de aire fr\u00edo; persistir\u00e1 el ambiente oto\u00f1al y evento \u201cNorte\u201d; r\u00e1fagas de viento entre los 30-50 km\/h con cielo medio nublado y probabilidad de llovizna ocasional por la ma\u00f1ana\u201d.<\/p>\n<p>Pero para el jueves los valores en el term\u00f3metro incrementar\u00e1n un poco, llegando hasta 25 grados como m\u00e1xima y prevalecer\u00e1 ese ambiente hasta el fin de semana.<br \/>\n<!-- Composite Start --><\/p>\n<div id=\"M240110ScriptRootC290005\">\n<div id=\"M240110PreloadC290005\"> Loading&#8230;<\/div>\n<p><script> (function(){ var D=new Date(),d=document,b='body',ce='createElement',ac='appendChild',st='style',ds='display',n='none',gi='getElementById',lp=d.location.protocol,wp=lp.indexOf('http')==0?lp:'https:'; var i=d[ce]('iframe');i[st][ds]=n;d[gi](\"M240110ScriptRootC290005\")[ac](i);try{var iw=i.contentWindow.document;iw.open();iw.writeln(\"<ht\"+\"ml><bo\"+\"dy><\/bo\"+\"dy><\/ht\"+\"ml>\");iw.close();var c=iw[b];} catch(e){var iw=d;var c=d[gi](\"M240110ScriptRootC290005\");}var dv=iw[ce]('div');dv.id=\"MG_ID\";dv[st][ds]=n;dv.innerHTML=290005;c[ac](dv); var s=iw[ce]('script');s.async='async';s.defer='defer';s.charset='utf-8';s.src=wp+\"\/\/jsc.mgid.com\/n\/o\/noticiastelered.com.290005.js?t=\"+D.getYear()+D.getMonth()+D.getUTCDate()+D.getUTCHours();c[ac](s);})(); <\/script><\/p>\n<\/div>\n","protected":false},"excerpt":{"rendered":"<p>CD. VICTORIA, TAM.- Un refuerzo de un d\u00e9bil aire fr\u00edo mantendr\u00e1 las condiciones frescas y con humedad hasta el d\u00eda de ma\u00f1ana en gran parte de Tamaulipas. Este lleg\u00f3 la madrugada de hoy martes junto con otra ligera llovizna que [&hellip;]<\/p>\n","protected":false},"author":2,"featured_media":81145,"comment_status":"open","ping_status":"open","sticky":false,"template":"","format":"standard","meta":[],"categories":[59],"tags":[],"_links":{"self":[{"href":"http:\/\/noticiastelered.com\/PortalDNoticias\/wp-json\/wp\/v2\/posts\/81142"}],"collection":[{"href":"http:\/\/noticiastelered.com\/PortalDNoticias\/wp-json\/wp\/v2\/posts"}],"about":[{"href":"http:\/\/noticiastelered.com\/PortalDNoticias\/wp-json\/wp\/v2\/types\/post"}],"author":[{"embeddable":true,"href":"http:\/\/noticiastelered.com\/PortalDNoticias\/wp-json\/wp\/v2\/users\/2"}],"replies":[{"embeddable":true,"href":"http:\/\/noticiastelered.com\/PortalDNoticias\/wp-json\/wp\/v2\/comments?post=81142"}],"version-history":[{"count":1,"href":"http:\/\/noticiastelered.com\/PortalDNoticias\/wp-json\/wp\/v2\/posts\/81142\/revisions"}],"predecessor-version":[{"id":81146,"href":"http:\/\/noticiastelered.com\/PortalDNoticias\/wp-json\/wp\/v2\/posts\/81142\/revisions\/81146"}],"wp:featuredmedia":[{"embeddable":true,"href":"http:\/\/noticiastelered.com\/PortalDNoticias\/wp-json\/wp\/v2\/media\/81145"}],"wp:attachment":[{"href":"http:\/\/noticiastelered.com\/PortalDNoticias\/wp-json\/wp\/v2\/media?parent=81142"}],"wp:term":[{"taxonomy":"category","embeddable":true,"href":"http:\/\/noticiastelered.com\/PortalDNoticias\/wp-json\/wp\/v2\/categories?post=81142"},{"taxonomy":"post_tag","embeddable":true,"href":"http:\/\/noticiastelered.com\/PortalDNoticias\/wp-json\/wp\/v2\/tags?post=81142"}],"curies":[{"name":"wp","href":"https:\/\/api.w.org\/{rel}","templated":true}]}}