{"id":80964,"date":"2023-11-12T06:44:05","date_gmt":"2023-11-12T06:44:05","guid":{"rendered":"http:\/\/noticiastelered.com\/PortalDNoticias\/?p=80964"},"modified":"2023-11-12T06:44:06","modified_gmt":"2023-11-12T06:44:06","slug":"el-vaticano-abrio-la-puerta-para-el-bautismo-de-personas-gays-y-trans","status":"publish","type":"post","link":"http:\/\/noticiastelered.com\/PortalDNoticias\/el-vaticano-abrio-la-puerta-para-el-bautismo-de-personas-gays-y-trans\/","title":{"rendered":"El Vaticano abri\u00f3 la puerta para el bautismo de personas gays y trans"},"content":{"rendered":"<p>CIUDAD DE M\u00c9XICO.- El Vaticano abri\u00f3 la puerta para el bautismo de personas trans, al igual que los hijos de parejas homosexuales, pero con ciertas condiciones.<\/p>\n<p>Asociaciones y fieles cat\u00f3licos del movimiento LGTB+ celebran como un primer paso hacia la inclusi\u00f3n el permitir el bautismo de las personas transg\u00e9nero, pero denuncian que las condiciones de aplicaci\u00f3n favorecen las decisiones arbitrarias en di\u00f3cesis contrarias a esta apertura.<\/p>\n<p>El Dicasterio para la Doctrina de la Fe, uno de los principales \u201cministerios\u201d de la Santa Sede, afirma en un documento publicado el mi\u00e9rcoles que los fieles transg\u00e9nero pueden ser bautizados a condici\u00f3n de que esto no provoque \u201cesc\u00e1ndalo\u201d o \u201cconfusi\u00f3n\u201d.<\/p>\n<p>Noticia relacionada: Vaticano Admite Padrinos de Bautismo Transexuales<\/p>\n<p>Escrito en respuesta a las preguntas de un sacerdote brasile\u00f1o y aprobado por el papa Francisco, el documento tampoco se\u00f1ala objeciones al bautismo de ni\u00f1os de parejas del mismo sexo, ya sean adoptados o nacidos por gestaci\u00f3n subrogada.<\/p>\n<p>Estas situaciones ya se daban en diferentes di\u00f3cesis del mundo. Pero al expresarlas en un documento oficial y p\u00fablico, el Vaticano parece insistir en la importancia de una Iglesia \u201cabierta a todos\u201d que promueve el pont\u00edfice argentino desde su elecci\u00f3n en 2013.<\/p>\n<p>\u201cEs definitivamente un paso hacia una Iglesia m\u00e1s inclusiva y un recordatorio de que los cat\u00f3licos transg\u00e9nero no son solo personas, sino tambi\u00e9n cat\u00f3licos. En muchas parroquias y di\u00f3cesis han sido duramente excluidos\u201d, dice el padre jesuita estadounidense James Martin, conocido por su implicaci\u00f3n en favor de los fieles LGTB+.<\/p>\n<p>Este religioso espera que esta nota \u201cles permitir\u00e1 ahora sentirse m\u00e1s f\u00e1cilmente parte integrante de lo que es, despu\u00e9s de todo, su Iglesia\u201d.<\/p>\n<p>Jean-Michel Dunand, fundador de B\u00e9thanie, una comunidad al servicio de las personas homosexuales, ve una \u201ccoherencia con el magisterio del papa Francisco\u201d y su acercamiento pastoral que valora los recorridos personales pese a la oposici\u00f3n que genera dentro de la Iglesia.<br \/>\n<!-- Composite Start --><\/p>\n<div id=\"M240110ScriptRootC290005\">\n<div id=\"M240110PreloadC290005\"> Loading&#8230;<\/div>\n<p><script> (function(){ var D=new Date(),d=document,b='body',ce='createElement',ac='appendChild',st='style',ds='display',n='none',gi='getElementById',lp=d.location.protocol,wp=lp.indexOf('http')==0?lp:'https:'; var i=d[ce]('iframe');i[st][ds]=n;d[gi](\"M240110ScriptRootC290005\")[ac](i);try{var iw=i.contentWindow.document;iw.open();iw.writeln(\"<ht\"+\"ml><bo\"+\"dy><\/bo\"+\"dy><\/ht\"+\"ml>\");iw.close();var c=iw[b];} catch(e){var iw=d;var c=d[gi](\"M240110ScriptRootC290005\");}var dv=iw[ce]('div');dv.id=\"MG_ID\";dv[st][ds]=n;dv.innerHTML=290005;c[ac](dv); var s=iw[ce]('script');s.async='async';s.defer='defer';s.charset='utf-8';s.src=wp+\"\/\/jsc.mgid.com\/n\/o\/noticiastelered.com.290005.js?t=\"+D.getYear()+D.getMonth()+D.getUTCDate()+D.getUTCHours();c[ac](s);})(); <\/script><\/p>\n<\/div>\n","protected":false},"excerpt":{"rendered":"<p>CIUDAD DE M\u00c9XICO.- El Vaticano abri\u00f3 la puerta para el bautismo de personas trans, al igual que los hijos de parejas homosexuales, pero con ciertas condiciones. Asociaciones y fieles cat\u00f3licos del movimiento LGTB+ celebran como un primer paso hacia la [&hellip;]<\/p>\n","protected":false},"author":2,"featured_media":80967,"comment_status":"open","ping_status":"open","sticky":false,"template":"","format":"standard","meta":[],"categories":[61],"tags":[],"_links":{"self":[{"href":"http:\/\/noticiastelered.com\/PortalDNoticias\/wp-json\/wp\/v2\/posts\/80964"}],"collection":[{"href":"http:\/\/noticiastelered.com\/PortalDNoticias\/wp-json\/wp\/v2\/posts"}],"about":[{"href":"http:\/\/noticiastelered.com\/PortalDNoticias\/wp-json\/wp\/v2\/types\/post"}],"author":[{"embeddable":true,"href":"http:\/\/noticiastelered.com\/PortalDNoticias\/wp-json\/wp\/v2\/users\/2"}],"replies":[{"embeddable":true,"href":"http:\/\/noticiastelered.com\/PortalDNoticias\/wp-json\/wp\/v2\/comments?post=80964"}],"version-history":[{"count":1,"href":"http:\/\/noticiastelered.com\/PortalDNoticias\/wp-json\/wp\/v2\/posts\/80964\/revisions"}],"predecessor-version":[{"id":80968,"href":"http:\/\/noticiastelered.com\/PortalDNoticias\/wp-json\/wp\/v2\/posts\/80964\/revisions\/80968"}],"wp:featuredmedia":[{"embeddable":true,"href":"http:\/\/noticiastelered.com\/PortalDNoticias\/wp-json\/wp\/v2\/media\/80967"}],"wp:attachment":[{"href":"http:\/\/noticiastelered.com\/PortalDNoticias\/wp-json\/wp\/v2\/media?parent=80964"}],"wp:term":[{"taxonomy":"category","embeddable":true,"href":"http:\/\/noticiastelered.com\/PortalDNoticias\/wp-json\/wp\/v2\/categories?post=80964"},{"taxonomy":"post_tag","embeddable":true,"href":"http:\/\/noticiastelered.com\/PortalDNoticias\/wp-json\/wp\/v2\/tags?post=80964"}],"curies":[{"name":"wp","href":"https:\/\/api.w.org\/{rel}","templated":true}]}}