{"id":80316,"date":"2023-11-03T00:59:08","date_gmt":"2023-11-03T00:59:08","guid":{"rendered":"http:\/\/noticiastelered.com\/PortalDNoticias\/?p=80316"},"modified":"2023-11-03T00:59:09","modified_gmt":"2023-11-03T00:59:09","slug":"mujer-sombra-el-imponente-disfraz-de-una-joven-por-el-dia-de-muertos","status":"publish","type":"post","link":"http:\/\/noticiastelered.com\/PortalDNoticias\/mujer-sombra-el-imponente-disfraz-de-una-joven-por-el-dia-de-muertos\/","title":{"rendered":"Mujer Sombra: El imponente disfraz de una joven por el D\u00eda de Muertos"},"content":{"rendered":"\n<p><strong>Oaxaca<\/strong>. \u2013 Una joven de Oaxaca presumi\u00f3 en redes sociales el disfraz que utiliz\u00f3 recientemente con motivo tanto de&nbsp;<strong>Halloween&nbsp;<\/strong>como de&nbsp;<strong>D\u00eda de Muertos.<\/strong><\/p>\n\n\n\n<p>Bajo el nombre de \u201c<strong>La Sombra\u201d<\/strong>, la usuaria Ary Su\u00e1rez subi\u00f3 varias fotograf\u00edas de su caracterizaci\u00f3n a un grupo de Facebook, donde r\u00e1pidamente llam\u00f3 la atenci\u00f3n de los integrantes.<\/p>\n\n\n\n<blockquote class=\"wp-block-quote\">\n<p>\u201cBueno tambi\u00e9n a presumir mi disfraz &#8220;la sombra&#8221; d\u00eda de muertos y halloween 2023 Oaxaca-M\u00e9xico\u201d, escribi\u00f3.<\/p>\n<\/blockquote>\n\n\n\n<p>Las im\u00e1genes fueron colgadas en esta red social la ma\u00f1ana de ayer mi\u00e9rcoles 1 de noviembre, y al d\u00eda de hoy ya cuenta con m\u00e1s de&nbsp;<strong>14 mil reacciones<\/strong>, casi&nbsp;<strong>6 mil compartidas<\/strong>&nbsp;y poco menos de&nbsp;<strong>mil comentarios.<\/strong><\/p>\n\n\n\n<p>\u201cDe los mejores disfraces que han subido, felicidades\u201d, destac\u00f3 un usuario, al tiempo que una joven se\u00f1al\u00f3: \u201cEn mi coraz\u00f3n t\u00fa te llevas el primer premio\u201d.<\/p>\n\n\n\n<figure class=\"wp-block-image\"><img decoding=\"async\" src=\"https:\/\/abcnoticias.mx\/u\/fotografias\/m\/2023\/11\/2\/f768x1-228415_228542_0.png\" alt=\"\"\/><figcaption class=\"wp-element-caption\">Disfraz de sombre hecho por una joven en Oaxaca | Facebook \/ Ary Suarez<\/figcaption><\/figure>\n\n\n\n<p>El disfraz utilizado por Ary fue un vestido completamente negro, y agregando que su piel fue pintada de \u00e9ste mismo color, el resultado fue pr\u00e1cticamente una sombra que camin\u00f3 por la v\u00eda p\u00fablica durante la noche, llamando la atenci\u00f3n de todo aquel que la miraba.<\/p>\n\n\n\n<p>Otro detalle que fue fundamental para que el disfraz causara mayor impacto fueron los pupilentes que la joven utiliz\u00f3, mismos que, agreg\u00f3, eran de red y los estuvo utilizando entre cuatro y seis horas.<\/p>\n\n\n\n<p>\u201cEsta impresionante, excelente disfraz, si usas ese vestuario otro d\u00eda si le andas sacando un susto a varios\u201d, coment\u00f3 una usuaria.<\/p>\n\n\n\n<p>Otras personas no dudaron en referir que el disfraz de \u201cLa Sombra\u201d ten\u00eda cierto parecido con una escena de las caricaturas \u201cLas Chicas Superpoderosas\u201d, incluso tambi\u00e9n con los fantasmas rojos de \u201cLa Cumbre Escarlata\u201d.<\/p>\n\n\n\n<p>Ary Su\u00e1rez gusta de disfrazarse en Halloween y D\u00eda de Muertos, ya que el a\u00f1o pasado hizo lo propio &nbsp;al representar a una dama de negro, con sombrero, botas y maquillaje de \u00e9ste color.<\/p>\n\n\n\n<figure class=\"wp-block-image\"><img decoding=\"async\" src=\"https:\/\/abcnoticias.mx\/u\/fotografias\/m\/2023\/11\/2\/f768x1-228417_228544_142.jpg\" alt=\"\"\/><\/figure>\n","protected":false},"excerpt":{"rendered":"<p>Oaxaca. \u2013 Una joven de Oaxaca presumi\u00f3 en redes sociales el disfraz que utiliz\u00f3 recientemente con motivo tanto de&nbsp;Halloween&nbsp;como de&nbsp;D\u00eda de Muertos. Bajo el nombre de \u201cLa Sombra\u201d, la usuaria Ary Su\u00e1rez subi\u00f3 varias fotograf\u00edas de su caracterizaci\u00f3n a un [&hellip;]<\/p>\n","protected":false},"author":2,"featured_media":80319,"comment_status":"open","ping_status":"open","sticky":false,"template":"","format":"standard","meta":[],"categories":[3],"tags":[],"_links":{"self":[{"href":"http:\/\/noticiastelered.com\/PortalDNoticias\/wp-json\/wp\/v2\/posts\/80316"}],"collection":[{"href":"http:\/\/noticiastelered.com\/PortalDNoticias\/wp-json\/wp\/v2\/posts"}],"about":[{"href":"http:\/\/noticiastelered.com\/PortalDNoticias\/wp-json\/wp\/v2\/types\/post"}],"author":[{"embeddable":true,"href":"http:\/\/noticiastelered.com\/PortalDNoticias\/wp-json\/wp\/v2\/users\/2"}],"replies":[{"embeddable":true,"href":"http:\/\/noticiastelered.com\/PortalDNoticias\/wp-json\/wp\/v2\/comments?post=80316"}],"version-history":[{"count":1,"href":"http:\/\/noticiastelered.com\/PortalDNoticias\/wp-json\/wp\/v2\/posts\/80316\/revisions"}],"predecessor-version":[{"id":80320,"href":"http:\/\/noticiastelered.com\/PortalDNoticias\/wp-json\/wp\/v2\/posts\/80316\/revisions\/80320"}],"wp:featuredmedia":[{"embeddable":true,"href":"http:\/\/noticiastelered.com\/PortalDNoticias\/wp-json\/wp\/v2\/media\/80319"}],"wp:attachment":[{"href":"http:\/\/noticiastelered.com\/PortalDNoticias\/wp-json\/wp\/v2\/media?parent=80316"}],"wp:term":[{"taxonomy":"category","embeddable":true,"href":"http:\/\/noticiastelered.com\/PortalDNoticias\/wp-json\/wp\/v2\/categories?post=80316"},{"taxonomy":"post_tag","embeddable":true,"href":"http:\/\/noticiastelered.com\/PortalDNoticias\/wp-json\/wp\/v2\/tags?post=80316"}],"curies":[{"name":"wp","href":"https:\/\/api.w.org\/{rel}","templated":true}]}}