{"id":80306,"date":"2023-11-02T01:15:47","date_gmt":"2023-11-02T01:15:47","guid":{"rendered":"http:\/\/noticiastelered.com\/PortalDNoticias\/?p=80306"},"modified":"2023-11-02T01:15:48","modified_gmt":"2023-11-02T01:15:48","slug":"deje-de-proteger-al-ejercito-familiares-de-jovenes-asesisnados-por-la-semar-exigen-justicia-a-andres-manuel-lopez-obrador","status":"publish","type":"post","link":"http:\/\/noticiastelered.com\/PortalDNoticias\/deje-de-proteger-al-ejercito-familiares-de-jovenes-asesisnados-por-la-semar-exigen-justicia-a-andres-manuel-lopez-obrador\/","title":{"rendered":"\u201cDEJE DE PROTEGER AL EJERCITO\u201d; FAMILIARES DE JOVENES ASESISNADOS POR LA SEMAR EXIGEN JUSTICIA A ANDRES MANUEL L\u00d3PEZ OBRADOR"},"content":{"rendered":"\n<p>Por; Agencias<\/p>\n\n\n\n<p>Nuevo Laredo, Tamaulipas.- Luego de que se diera a conocer que la Fiscal\u00eda General de Tamaulipas (FGT) ocult\u00f3 por poco m\u00e1s de cinco a\u00f1os informaci\u00f3n sobre el paradero de los restos de los j\u00f3venes No\u00e9 Ignacio Alf\u00e9rez Hern\u00e1ndez y Jonathan Organista Ballesteros, asesinados por elementos de la Secretar\u00eda de la Marina de M\u00e9xico (SEMAR) en el 2018, familiares de las v\u00edctimas exigieron justicia al presidente de M\u00e9xico Andr\u00e9s Manuel L\u00f3pez Obrador.<\/p>\n\n\n\n<p>Con l\u00e1grimas desbordadas, con un semblante de angustia y tristeza la se\u00f1ora Mar\u00eda Ballesteros Rodr\u00edguez, madre de Jonathan Organista Ballesteros, pidi\u00f3 que se hiciera justicia al mandatario de M\u00e9xico contra los responsables del homicidio de su hijo.<\/p>\n\n\n\n<p>\u201cQueremos que se castigue a los marinos que le hicieron esto a mi hijo, durante estos a\u00f1os no he sabido (sic) de mi hijo, todos estos a\u00f1os solo me preguntaba donde estaba, donde lo habr\u00e1n tirado, mi ni\u00f1o no estaba haciendo nada, lo que quiero es que el presidente nos haga justicia.<\/p>\n\n\n\n<p>Gregoria Hern\u00e1ndez Morales, progenitora de No\u00e9 Ignacio Alf\u00e9rez Hern\u00e1ndez manifest\u00f3 su enoj\u00f3 contra la Fiscal\u00eda General de Justicia por enviar los restos de su hijo a una fosa com\u00fan y por encubrir los delitos de la SEMAR.<\/p>\n\n\n\n<p>\u201cNo es justo lo que nos hicieron y pido justicia, exijo al presidente Andr\u00e9s Manuel, que deje de proteger al ej\u00e9rcito y que caiga todo el peso de la ley contra los marinos responsables, se supone que ellos nos deben de cuidar y nos hacen esto; matan y secuestran y todav\u00eda los cubre, queremos justicia y que se nos entreguen el cuerpo de nuestros hijos que fueron enviado a una fosa com\u00fan como si fueran emigrantes cuando ellos ten\u00edan familiares que los buscaban\u201d coment\u00f3.<\/p>\n\n\n\n<p>Por su parte, el presidente de la Comisi\u00f3n de Derechos Humanos Raymundo Ramos V\u00e1zquez, mencion\u00f3 que se est\u00e1n evaluando las medidas legales con las que se proceder\u00e1n para que el peso de la ley caiga sobre los responsables que negaron a los familiares dar una cristiana sepultura.<\/p>\n\n\n\n<p>\u201cEstamos pensando la forma de proceder legalmente en contra de los ministerios p\u00fablicos, estar\u00eda haciendo un llamado respetuoso a los jueces de control que tienen que ver con las carpetas de investigaci\u00f3n por las personas desaparecidas entre los meses de mayo del 2018 para sean imparciales, porque no es posible que solos seis marinos est\u00e9n detenidos cuando fueron casi 350 los elementos que cometieron estos delitos durante ese periodo\u201d mencion\u00f3.<\/p>\n\n\n\n<p>A\u00f1adi\u00f3 que tambi\u00e9n se busca defender a las familias de las v\u00edctimas pues en estos casos sus declaraciones son cuestionadas y se duda de su credibilidad mientras que al personal castrense se le da todas las facilidades sin ser investigados.<\/p>\n\n\n\n<p>\u201cHan pasado cinco a\u00f1os y los militares siguen trabajando, esto habla de una total complicidad entre la marina y el gobierno federal, donde adem\u00e1s de una evidente protecci\u00f3n tambi\u00e9n se trata de un ministerio publico corrompido por la corrupci\u00f3n\u201d, enfatiz\u00f3.<\/p>\n","protected":false},"excerpt":{"rendered":"<p>Por; Agencias Nuevo Laredo, Tamaulipas.- Luego de que se diera a conocer que la Fiscal\u00eda General de Tamaulipas (FGT) ocult\u00f3 por poco m\u00e1s de cinco a\u00f1os informaci\u00f3n sobre el paradero de los restos de los j\u00f3venes No\u00e9 Ignacio Alf\u00e9rez Hern\u00e1ndez [&hellip;]<\/p>\n","protected":false},"author":7,"featured_media":80309,"comment_status":"open","ping_status":"open","sticky":false,"template":"","format":"standard","meta":[],"categories":[60,63,77],"tags":[],"_links":{"self":[{"href":"http:\/\/noticiastelered.com\/PortalDNoticias\/wp-json\/wp\/v2\/posts\/80306"}],"collection":[{"href":"http:\/\/noticiastelered.com\/PortalDNoticias\/wp-json\/wp\/v2\/posts"}],"about":[{"href":"http:\/\/noticiastelered.com\/PortalDNoticias\/wp-json\/wp\/v2\/types\/post"}],"author":[{"embeddable":true,"href":"http:\/\/noticiastelered.com\/PortalDNoticias\/wp-json\/wp\/v2\/users\/7"}],"replies":[{"embeddable":true,"href":"http:\/\/noticiastelered.com\/PortalDNoticias\/wp-json\/wp\/v2\/comments?post=80306"}],"version-history":[{"count":1,"href":"http:\/\/noticiastelered.com\/PortalDNoticias\/wp-json\/wp\/v2\/posts\/80306\/revisions"}],"predecessor-version":[{"id":80310,"href":"http:\/\/noticiastelered.com\/PortalDNoticias\/wp-json\/wp\/v2\/posts\/80306\/revisions\/80310"}],"wp:featuredmedia":[{"embeddable":true,"href":"http:\/\/noticiastelered.com\/PortalDNoticias\/wp-json\/wp\/v2\/media\/80309"}],"wp:attachment":[{"href":"http:\/\/noticiastelered.com\/PortalDNoticias\/wp-json\/wp\/v2\/media?parent=80306"}],"wp:term":[{"taxonomy":"category","embeddable":true,"href":"http:\/\/noticiastelered.com\/PortalDNoticias\/wp-json\/wp\/v2\/categories?post=80306"},{"taxonomy":"post_tag","embeddable":true,"href":"http:\/\/noticiastelered.com\/PortalDNoticias\/wp-json\/wp\/v2\/tags?post=80306"}],"curies":[{"name":"wp","href":"https:\/\/api.w.org\/{rel}","templated":true}]}}