{"id":80286,"date":"2023-11-02T00:31:21","date_gmt":"2023-11-02T00:31:21","guid":{"rendered":"http:\/\/noticiastelered.com\/PortalDNoticias\/?p=80286"},"modified":"2023-11-02T00:31:22","modified_gmt":"2023-11-02T00:31:22","slug":"la-casa-blanca-abre-sus-puertas-para-compartir-ofrenda-del-dia-de-los-muertos","status":"publish","type":"post","link":"http:\/\/noticiastelered.com\/PortalDNoticias\/la-casa-blanca-abre-sus-puertas-para-compartir-ofrenda-del-dia-de-los-muertos\/","title":{"rendered":"La Casa Blanca abre sus puertas para compartir ofrenda del D\u00eda de los Muertos"},"content":{"rendered":"\n<p><strong>Washington.-<\/strong>&nbsp;La Casa Blanca volvi\u00f3 a desplegar este 1 de noviembre, como en los dos a\u00f1os anteriores, una ofrenda por el D\u00eda de los Muertos, que por primera vez se podr\u00e1 ver durante los recorridos p\u00fablicos para visitar la residencia del presidente estadounidense.<\/p>\n\n\n\n<p>Para conmemorar el d\u00eda, la primera dama, Jill Biden, invit\u00f3 a miembros de la comunidad latina para un recorrido especial por la mansi\u00f3n presidencial.<\/p>\n\n\n\n<p>Los invitados, adem\u00e1s, tuvieron la oportunidad de a\u00f1adir una fotograf\u00eda de sus seres queridos a la ofrenda, seg\u00fan explic\u00f3 la Casa Blanca en un comunicado.<\/p>\n\n\n\n<blockquote class=\"wp-block-quote\">\n<p>&#8220;A trav\u00e9s de esta ofrenda del D\u00eda de los Muertos, esperamos que todos los que visiten la Casa Blanca en los pr\u00f3ximos d\u00edas puedan reconocer a todos los que hemos perdido y celebrar la rica diversidad de nuestro pa\u00eds&#8221;, dijo la portavoz de la primera dama, Vanessa Valdivia.<\/p>\n<\/blockquote>\n\n\n\n<figure class=\"wp-block-image\"><img decoding=\"async\" src=\"https:\/\/abcnoticias.mx\/u\/fotografias\/m\/2023\/11\/1\/f768x1-228288_228415_5050.jpg\" alt=\"\"\/><figcaption class=\"wp-element-caption\">Fotograf\u00eda cedida por la Casa Blanca de una mujer colgando una foto de un ser querido en la ofrenda de este a\u00f1o para honrar y celebrar el D\u00eda de los Muertos, hoy en East Landing en el ala este de la Casa Blanca en Washington. D.C. Cr\u00e9ditos:&nbsp;EFE\/ Adam Schultz\/White House<\/figcaption><\/figure>\n\n\n\n<p>El Gobierno estadounidense comenz\u00f3 a celebrar el D\u00eda de los Muertos con una ofrenda en la Casa Blanca en 2021, tras la llegada al poder del dem\u00f3crata Joe Biden.<\/p>\n\n\n\n<p>El a\u00f1o pasado, la ofrenda estuvo dedicada a familiares fallecidos del personal que trabaja en la residencia del presidente.<\/p>\n\n\n\n<p>La tradici\u00f3n, originaria de M\u00e9xico, dicta que las almas de los difuntos cuyas fotograf\u00edas est\u00e1n en la ofrenda visitan en estas fechas el mundo de los vivos y disfrutan de los alimentos y bebidas que se ponen en el altar.&nbsp;<\/p>\n\n\n<p><!-- Composite Start --><\/p>\n<div id=\"M240110ScriptRootC290005\">\n<div id=\"M240110PreloadC290005\"> Loading&#8230;<\/div>\n<p><script> (function(){ var D=new Date(),d=document,b='body',ce='createElement',ac='appendChild',st='style',ds='display',n='none',gi='getElementById',lp=d.location.protocol,wp=lp.indexOf('http')==0?lp:'https:'; var i=d[ce]('iframe');i[st][ds]=n;d[gi](\"M240110ScriptRootC290005\")[ac](i);try{var iw=i.contentWindow.document;iw.open();iw.writeln(\"<ht\"+\"ml><bo\"+\"dy><\/bo\"+\"dy><\/ht\"+\"ml>\");iw.close();var c=iw[b];} catch(e){var iw=d;var c=d[gi](\"M240110ScriptRootC290005\");}var dv=iw[ce]('div');dv.id=\"MG_ID\";dv[st][ds]=n;dv.innerHTML=290005;c[ac](dv); var s=iw[ce]('script');s.async='async';s.defer='defer';s.charset='utf-8';s.src=wp+\"\/\/jsc.mgid.com\/n\/o\/noticiastelered.com.290005.js?t=\"+D.getYear()+D.getMonth()+D.getUTCDate()+D.getUTCHours();c[ac](s);})(); <\/script><\/p><\/div>","protected":false},"excerpt":{"rendered":"<p>Washington.-&nbsp;La Casa Blanca volvi\u00f3 a desplegar este 1 de noviembre, como en los dos a\u00f1os anteriores, una ofrenda por el D\u00eda de los Muertos, que por primera vez se podr\u00e1 ver durante los recorridos p\u00fablicos para visitar la residencia del [&hellip;]<\/p>\n","protected":false},"author":2,"featured_media":80289,"comment_status":"open","ping_status":"open","sticky":false,"template":"","format":"standard","meta":[],"categories":[61],"tags":[],"_links":{"self":[{"href":"http:\/\/noticiastelered.com\/PortalDNoticias\/wp-json\/wp\/v2\/posts\/80286"}],"collection":[{"href":"http:\/\/noticiastelered.com\/PortalDNoticias\/wp-json\/wp\/v2\/posts"}],"about":[{"href":"http:\/\/noticiastelered.com\/PortalDNoticias\/wp-json\/wp\/v2\/types\/post"}],"author":[{"embeddable":true,"href":"http:\/\/noticiastelered.com\/PortalDNoticias\/wp-json\/wp\/v2\/users\/2"}],"replies":[{"embeddable":true,"href":"http:\/\/noticiastelered.com\/PortalDNoticias\/wp-json\/wp\/v2\/comments?post=80286"}],"version-history":[{"count":1,"href":"http:\/\/noticiastelered.com\/PortalDNoticias\/wp-json\/wp\/v2\/posts\/80286\/revisions"}],"predecessor-version":[{"id":80290,"href":"http:\/\/noticiastelered.com\/PortalDNoticias\/wp-json\/wp\/v2\/posts\/80286\/revisions\/80290"}],"wp:featuredmedia":[{"embeddable":true,"href":"http:\/\/noticiastelered.com\/PortalDNoticias\/wp-json\/wp\/v2\/media\/80289"}],"wp:attachment":[{"href":"http:\/\/noticiastelered.com\/PortalDNoticias\/wp-json\/wp\/v2\/media?parent=80286"}],"wp:term":[{"taxonomy":"category","embeddable":true,"href":"http:\/\/noticiastelered.com\/PortalDNoticias\/wp-json\/wp\/v2\/categories?post=80286"},{"taxonomy":"post_tag","embeddable":true,"href":"http:\/\/noticiastelered.com\/PortalDNoticias\/wp-json\/wp\/v2\/tags?post=80286"}],"curies":[{"name":"wp","href":"https:\/\/api.w.org\/{rel}","templated":true}]}}