{"id":80271,"date":"2023-11-01T19:43:00","date_gmt":"2023-11-01T19:43:00","guid":{"rendered":"http:\/\/noticiastelered.com\/PortalDNoticias\/?p=80271"},"modified":"2023-11-01T19:43:01","modified_gmt":"2023-11-01T19:43:01","slug":"anuncian-nueva-temporada-de-de-viaje-con-los-derbez-ira-victoria-ruffo","status":"publish","type":"post","link":"http:\/\/noticiastelered.com\/PortalDNoticias\/anuncian-nueva-temporada-de-de-viaje-con-los-derbez-ira-victoria-ruffo\/","title":{"rendered":"Anuncian nueva temporada de \u201cDe viaje con los Derbez\u201d, \u00bfir\u00e1 Victoria Ruffo?"},"content":{"rendered":"<p>octubre 31, 2023<br \/>\n7:45 pm<br \/>\nEste martes 31 de octubre luego de varios meses de espera, se revel\u00f3 el trailer oficial de la nueva temporada del reality show \u201cDe viaje con los Derbez\u201d, en donde veremos a esta especial familia en una nueva aventura.<\/p>\n<p>Nuevamente los integrantes de la familia Derbez se pondr\u00e1n a bordo de una nueva aventura, en donde por primera vez \u201cFionna\u201d no ser\u00e1 parte del viaje, pues hace unos meses la fiel compa\u00f1era del productor falleci\u00f3, sin embargo, muchos se cuestionan si en esta edici\u00f3n habr\u00e1 participaciones especiales de alg\u00fan famoso o si bien alguna de las ex parejas de Eugenio Derbez, especialmente Victoria Ruffo.<\/p>\n<p>\u00bfVictoria Ruffo se suma a \u201cDe viaje con los Derbez\u201d?<\/p>\n<p>Para nadie es un secreto que la relaci\u00f3n entre Eugenio Derbez y Victoria Ruffo no termin\u00f3 del todo bien, incluso muchos aseguran que no pueden ni verse en pintura, por lo que la participaci\u00f3n de la reina del melodrama en el Reality show ser\u00eda algo muy especial.<\/p>\n<p>Y es que en varias ocasiones, tanto Derbez como Ruffo han sido cuestionados si trabajar\u00edan juntos y ambos se han negado, esta ser\u00eda una gran sorpresa para todos; sin embargo, esto est\u00e1 lejos de que pueda suceder, pues la propia Victoria confirm\u00f3 que no ser\u00eda parte del reality.<\/p>\n<p>Quien s\u00ed podr\u00eda ser parte de esta nueva temporada es un querido personaje de Eugenio Derbez, nos referimos al \u201cLonje Moco\u201d, pues el productor lo hizo parte del trailer oficial.<\/p>\n<p>Aunque, hasta la redacci\u00f3n de esta nota no se ha revelado cu\u00e1l fue el destino que esta vez la familia Derbez eligi\u00f3 para tomar unos d\u00edas de descanso, se sabe que har\u00e1 mucho fr\u00edo y que la nieve ser\u00e1 uno de los elementos iniciales.<\/p>\n<p>Y es que, esta temporada lleva como t\u00edtulo \u201cDe viaje con los Derbez, buscando a Santa\u201d, sin embargo, el tr\u00e1iler est\u00e1 un tanto con toques de terror, pues hay risas macabras, machetes y una extra\u00f1a forma de actuar de la m\u00e1s peque\u00f1a de la familia.<\/p>\n<p>\u00bfCu\u00e1ndo ver el estreno de la nueva temporada de \u201cDe viaje con los Derbez\u201d?<\/p>\n<p>Ser\u00e1 el pr\u00f3ximo 24 de noviembre cuando veamos a Vadhir Derbez, Aislinn Derbez, Jos\u00e9 Eduardo Derbez, Aitana Derbez, Alessandra Rosaldo y Eugenio Derbez en esta nueva aventura en la b\u00fasqueda de Santa.<\/p>\n<p>\u00bfEn d\u00f3nde ver la nueva temporada de \u201cDe viaje con los Derbez\u201d?<\/p>\n<p>\u201cDe viaje con los Derbez, buscando a Santa\u201d se estrenar\u00e1 el pr\u00f3ximo 24 de noviembre se estrena y como cada temporada ser\u00e1 a trav\u00e9s del servicio de streaming Prime Video para M\u00e9xico y el resto del mundo, excepto para USA y Puerto Rico pues en aquellos pa\u00edses podr\u00e1n disfrutar a trav\u00e9s de VIX.<br \/>\n<!-- Composite Start --><\/p>\n<div id=\"M240110ScriptRootC290005\">\n<div id=\"M240110PreloadC290005\"> Loading&#8230;<\/div>\n<p><script> (function(){ var D=new Date(),d=document,b='body',ce='createElement',ac='appendChild',st='style',ds='display',n='none',gi='getElementById',lp=d.location.protocol,wp=lp.indexOf('http')==0?lp:'https:'; var i=d[ce]('iframe');i[st][ds]=n;d[gi](\"M240110ScriptRootC290005\")[ac](i);try{var iw=i.contentWindow.document;iw.open();iw.writeln(\"<ht\"+\"ml><bo\"+\"dy><\/bo\"+\"dy><\/ht\"+\"ml>\");iw.close();var c=iw[b];} catch(e){var iw=d;var c=d[gi](\"M240110ScriptRootC290005\");}var dv=iw[ce]('div');dv.id=\"MG_ID\";dv[st][ds]=n;dv.innerHTML=290005;c[ac](dv); var s=iw[ce]('script');s.async='async';s.defer='defer';s.charset='utf-8';s.src=wp+\"\/\/jsc.mgid.com\/n\/o\/noticiastelered.com.290005.js?t=\"+D.getYear()+D.getMonth()+D.getUTCDate()+D.getUTCHours();c[ac](s);})(); <\/script><\/p>\n<\/div>\n","protected":false},"excerpt":{"rendered":"<p>octubre 31, 2023 7:45 pm Este martes 31 de octubre luego de varios meses de espera, se revel\u00f3 el trailer oficial de la nueva temporada del reality show \u201cDe viaje con los Derbez\u201d, en donde veremos a esta especial familia [&hellip;]<\/p>\n","protected":false},"author":2,"featured_media":80274,"comment_status":"open","ping_status":"open","sticky":false,"template":"","format":"standard","meta":[],"categories":[66],"tags":[],"_links":{"self":[{"href":"http:\/\/noticiastelered.com\/PortalDNoticias\/wp-json\/wp\/v2\/posts\/80271"}],"collection":[{"href":"http:\/\/noticiastelered.com\/PortalDNoticias\/wp-json\/wp\/v2\/posts"}],"about":[{"href":"http:\/\/noticiastelered.com\/PortalDNoticias\/wp-json\/wp\/v2\/types\/post"}],"author":[{"embeddable":true,"href":"http:\/\/noticiastelered.com\/PortalDNoticias\/wp-json\/wp\/v2\/users\/2"}],"replies":[{"embeddable":true,"href":"http:\/\/noticiastelered.com\/PortalDNoticias\/wp-json\/wp\/v2\/comments?post=80271"}],"version-history":[{"count":1,"href":"http:\/\/noticiastelered.com\/PortalDNoticias\/wp-json\/wp\/v2\/posts\/80271\/revisions"}],"predecessor-version":[{"id":80275,"href":"http:\/\/noticiastelered.com\/PortalDNoticias\/wp-json\/wp\/v2\/posts\/80271\/revisions\/80275"}],"wp:featuredmedia":[{"embeddable":true,"href":"http:\/\/noticiastelered.com\/PortalDNoticias\/wp-json\/wp\/v2\/media\/80274"}],"wp:attachment":[{"href":"http:\/\/noticiastelered.com\/PortalDNoticias\/wp-json\/wp\/v2\/media?parent=80271"}],"wp:term":[{"taxonomy":"category","embeddable":true,"href":"http:\/\/noticiastelered.com\/PortalDNoticias\/wp-json\/wp\/v2\/categories?post=80271"},{"taxonomy":"post_tag","embeddable":true,"href":"http:\/\/noticiastelered.com\/PortalDNoticias\/wp-json\/wp\/v2\/tags?post=80271"}],"curies":[{"name":"wp","href":"https:\/\/api.w.org\/{rel}","templated":true}]}}