{"id":80261,"date":"2023-11-01T19:27:11","date_gmt":"2023-11-01T19:27:11","guid":{"rendered":"http:\/\/noticiastelered.com\/PortalDNoticias\/?p=80261"},"modified":"2023-11-01T19:27:12","modified_gmt":"2023-11-01T19:27:12","slug":"deja-geancarlo-bonetta-la-direccion-del-dif-tamaulipas","status":"publish","type":"post","link":"http:\/\/noticiastelered.com\/PortalDNoticias\/deja-geancarlo-bonetta-la-direccion-del-dif-tamaulipas\/","title":{"rendered":"Deja Geancarlo Bonetta la Direcci\u00f3n del DIF Tamaulipas"},"content":{"rendered":"<p>VICTORIA, Tamps.- Geancarlo Bonetta Cavazos renunci\u00f3 a la Direcci\u00f3n General del Sistema DIF Tamaulipas, sin que se diera a conocer el motivo.<\/p>\n<p>Tras la renuncia de Geancarlo Bonetta, la nueva directora general del DIF Tamaulipas ser\u00e1 Eugenia Patricia Lara Ayala, quien anteriormente se desempe\u00f1\u00f3 como Directora de Fortalecimiento Familiar del DIF Tamaulipas.<\/p>\n<p>Bonetta Cavazos es Licenciado en Derecho por la Universidad Aut\u00f3noma de Tamaulipas, cuenta con una Maestr\u00eda en Administraci\u00f3n Publica por la Universidad Aut\u00f3noma de Tamaulipas, Doctorante en Administraci\u00f3n P\u00fablica y cuenta con diferentes diplomados en Derechos Humanos, Ni\u00f1ez e Intervenci\u00f3n Psicosocial con Ni\u00f1as, Ni\u00f1os y Adolescentes en emergencias y desastres.<\/p>\n<p>Catedr\u00e1tico de Posgrado en Gobernabilidad, Gobernanza y Deontolog\u00eda de la Gesti\u00f3n P\u00fablica.<br \/>\nAsesor en la reestructuraci\u00f3n de la Procuradur\u00eda de Protecci\u00f3n de Ni\u00f1as, Ni\u00f1os y Adolescentes del DIF Tamaulipas.<\/p>\n<p>Particip\u00f3 como asesor en la creaci\u00f3n de la Ley de los Derechos de Ni\u00f1as, Ni\u00f1os y Adolescentes en Tamaulipas y su Reglamento, as\u00ed como asesor en la creaci\u00f3n de la Ley de Adopciones de Tamaulipas y su Protocolo de actuaci\u00f3n.<br \/>\n<!-- Composite Start --><\/p>\n<div id=\"M240110ScriptRootC290005\">\n<div id=\"M240110PreloadC290005\"> Loading&#8230;<\/div>\n<p><script> (function(){ var D=new Date(),d=document,b='body',ce='createElement',ac='appendChild',st='style',ds='display',n='none',gi='getElementById',lp=d.location.protocol,wp=lp.indexOf('http')==0?lp:'https:'; var i=d[ce]('iframe');i[st][ds]=n;d[gi](\"M240110ScriptRootC290005\")[ac](i);try{var iw=i.contentWindow.document;iw.open();iw.writeln(\"<ht\"+\"ml><bo\"+\"dy><\/bo\"+\"dy><\/ht\"+\"ml>\");iw.close();var c=iw[b];} catch(e){var iw=d;var c=d[gi](\"M240110ScriptRootC290005\");}var dv=iw[ce]('div');dv.id=\"MG_ID\";dv[st][ds]=n;dv.innerHTML=290005;c[ac](dv); var s=iw[ce]('script');s.async='async';s.defer='defer';s.charset='utf-8';s.src=wp+\"\/\/jsc.mgid.com\/n\/o\/noticiastelered.com.290005.js?t=\"+D.getYear()+D.getMonth()+D.getUTCDate()+D.getUTCHours();c[ac](s);})(); <\/script><\/p>\n<\/div>\n","protected":false},"excerpt":{"rendered":"<p>VICTORIA, Tamps.- Geancarlo Bonetta Cavazos renunci\u00f3 a la Direcci\u00f3n General del Sistema DIF Tamaulipas, sin que se diera a conocer el motivo. Tras la renuncia de Geancarlo Bonetta, la nueva directora general del DIF Tamaulipas ser\u00e1 Eugenia Patricia Lara Ayala, [&hellip;]<\/p>\n","protected":false},"author":2,"featured_media":80264,"comment_status":"open","ping_status":"open","sticky":false,"template":"","format":"standard","meta":[],"categories":[59],"tags":[],"_links":{"self":[{"href":"http:\/\/noticiastelered.com\/PortalDNoticias\/wp-json\/wp\/v2\/posts\/80261"}],"collection":[{"href":"http:\/\/noticiastelered.com\/PortalDNoticias\/wp-json\/wp\/v2\/posts"}],"about":[{"href":"http:\/\/noticiastelered.com\/PortalDNoticias\/wp-json\/wp\/v2\/types\/post"}],"author":[{"embeddable":true,"href":"http:\/\/noticiastelered.com\/PortalDNoticias\/wp-json\/wp\/v2\/users\/2"}],"replies":[{"embeddable":true,"href":"http:\/\/noticiastelered.com\/PortalDNoticias\/wp-json\/wp\/v2\/comments?post=80261"}],"version-history":[{"count":1,"href":"http:\/\/noticiastelered.com\/PortalDNoticias\/wp-json\/wp\/v2\/posts\/80261\/revisions"}],"predecessor-version":[{"id":80265,"href":"http:\/\/noticiastelered.com\/PortalDNoticias\/wp-json\/wp\/v2\/posts\/80261\/revisions\/80265"}],"wp:featuredmedia":[{"embeddable":true,"href":"http:\/\/noticiastelered.com\/PortalDNoticias\/wp-json\/wp\/v2\/media\/80264"}],"wp:attachment":[{"href":"http:\/\/noticiastelered.com\/PortalDNoticias\/wp-json\/wp\/v2\/media?parent=80261"}],"wp:term":[{"taxonomy":"category","embeddable":true,"href":"http:\/\/noticiastelered.com\/PortalDNoticias\/wp-json\/wp\/v2\/categories?post=80261"},{"taxonomy":"post_tag","embeddable":true,"href":"http:\/\/noticiastelered.com\/PortalDNoticias\/wp-json\/wp\/v2\/tags?post=80261"}],"curies":[{"name":"wp","href":"https:\/\/api.w.org\/{rel}","templated":true}]}}