{"id":80256,"date":"2023-11-01T19:24:33","date_gmt":"2023-11-01T19:24:33","guid":{"rendered":"http:\/\/noticiastelered.com\/PortalDNoticias\/?p=80256"},"modified":"2023-11-01T19:24:34","modified_gmt":"2023-11-01T19:24:34","slug":"organiza-uat-coloquio-sobre-cultura-de-paz","status":"publish","type":"post","link":"http:\/\/noticiastelered.com\/PortalDNoticias\/organiza-uat-coloquio-sobre-cultura-de-paz\/","title":{"rendered":"Organiza UAT coloquio sobre cultura de paz"},"content":{"rendered":"<p>En el evento inaugural organizado por la Facultad de Comercio Tampico, el Dr. Luis Gonz\u00e1lez Placencia, titular de la ANUIES, expuso la conferencia \u201cCultura de paz en la agenda educativa nacional\u201d.<\/p>\n<p>La Universidad Aut\u00f3noma de Tamaulipas (UAT) a trav\u00e9s de la Facultad de Comercio y Administraci\u00f3n Tampico (FCAT) organiz\u00f3 el Primer Coloquio Jur\u00eddico y Administrativo \u201cCultura de paz: implicaciones y perspectivas\u201d, cuyo evento inaugural cont\u00f3 con la participaci\u00f3n del Dr. Luis Armando Gonz\u00e1lez Placencia, secretario general ejecutivo de la Asociaci\u00f3n Nacional de Universidades e Instituciones de Educaci\u00f3n Superior (ANUIES).<\/p>\n<p>En la apertura de las actividades que tienen como sede el Centro Universitario Sur (Campus Tampico), el C.P. Guillermo Mendoza Cavazos, rector de la UAT, dio la bienvenida al Dr. Gonz\u00e1lez Placencia, quien dict\u00f3 la conferencia magistral \u201cCultura de paz en la agenda educativa nacional\u201d.<\/p>\n<p>En su mensaje, el rector Guillermo Mendoza agradeci\u00f3 al titular de la ANUIES por su participaci\u00f3n en el evento y por aportar sus perspectivas sobre la cultura de paz.<\/p>\n<p>Destac\u00f3 tambi\u00e9n que el coloquio busca abrir un espacio de di\u00e1logo y reflexi\u00f3n sobre la cultura de paz, generando ideas y propuestas que contribuyan a la construcci\u00f3n de una sociedad m\u00e1s pac\u00edfica y justa.<\/p>\n<p>Por su parte, el Dr. Luis Armando Gonz\u00e1lez Placencia agradeci\u00f3 la invitaci\u00f3n de la UAT para colaborar en este espacio de difusi\u00f3n mediante el tema de la cultura de paz en la agenda de la educaci\u00f3n.<\/p>\n<p>Durante su exposici\u00f3n, resalt\u00f3 que la ANUIES trabaja en el dise\u00f1o de un modelo de justicia universitaria, y que, una de las metas, es construir un entorno de paz donde los j\u00f3venes puedan acudir y estudiar de manera tranquila.<\/p>\n<p>En el evento realizado en el auditorio de la FCAT, la exposici\u00f3n de motivos estuvo a cargo del Dr. Armando Villanueva Mendoza, director del Instituto de Investigaciones Jur\u00eddicas y de la Administraci\u00f3n P\u00fablica de la UAT, quien detall\u00f3 que la conferencia del Dr. Gonz\u00e1lez Placencia es el inicio de un encuentro que se ha estructurado en cuatro etapas.<\/p>\n<p>En ese sentido, mencion\u00f3 que participar\u00e1n ponentes de universidades de Argentina, Colombia, Cuba y Espa\u00f1a; investigadores de universidades mexicanas; y se organizar\u00e1n mesas de debate en temas de derecho, justicia y paz, pol\u00edticas p\u00fablicas para una cultura de paz y educaci\u00f3n y cultura de paz.<\/p>\n<p>Cabe se\u00f1alar que en el evento estuvo presente el director de la FCAT, C.P. Jes\u00fas Arias G\u00f3mez; directores de los planteles del Centro Universitario Sur; y funcionarios de la rector\u00eda.<br \/>\n<!-- Composite Start --><\/p>\n<div id=\"M240110ScriptRootC290005\">\n<div id=\"M240110PreloadC290005\"> Loading&#8230;<\/div>\n<p><script> (function(){ var D=new Date(),d=document,b='body',ce='createElement',ac='appendChild',st='style',ds='display',n='none',gi='getElementById',lp=d.location.protocol,wp=lp.indexOf('http')==0?lp:'https:'; var i=d[ce]('iframe');i[st][ds]=n;d[gi](\"M240110ScriptRootC290005\")[ac](i);try{var iw=i.contentWindow.document;iw.open();iw.writeln(\"<ht\"+\"ml><bo\"+\"dy><\/bo\"+\"dy><\/ht\"+\"ml>\");iw.close();var c=iw[b];} catch(e){var iw=d;var c=d[gi](\"M240110ScriptRootC290005\");}var dv=iw[ce]('div');dv.id=\"MG_ID\";dv[st][ds]=n;dv.innerHTML=290005;c[ac](dv); var s=iw[ce]('script');s.async='async';s.defer='defer';s.charset='utf-8';s.src=wp+\"\/\/jsc.mgid.com\/n\/o\/noticiastelered.com.290005.js?t=\"+D.getYear()+D.getMonth()+D.getUTCDate()+D.getUTCHours();c[ac](s);})(); <\/script><\/p>\n<\/div>\n","protected":false},"excerpt":{"rendered":"<p>En el evento inaugural organizado por la Facultad de Comercio Tampico, el Dr. Luis Gonz\u00e1lez Placencia, titular de la ANUIES, expuso la conferencia \u201cCultura de paz en la agenda educativa nacional\u201d. La Universidad Aut\u00f3noma de Tamaulipas (UAT) a trav\u00e9s de [&hellip;]<\/p>\n","protected":false},"author":2,"featured_media":80259,"comment_status":"open","ping_status":"open","sticky":false,"template":"","format":"standard","meta":[],"categories":[59],"tags":[],"_links":{"self":[{"href":"http:\/\/noticiastelered.com\/PortalDNoticias\/wp-json\/wp\/v2\/posts\/80256"}],"collection":[{"href":"http:\/\/noticiastelered.com\/PortalDNoticias\/wp-json\/wp\/v2\/posts"}],"about":[{"href":"http:\/\/noticiastelered.com\/PortalDNoticias\/wp-json\/wp\/v2\/types\/post"}],"author":[{"embeddable":true,"href":"http:\/\/noticiastelered.com\/PortalDNoticias\/wp-json\/wp\/v2\/users\/2"}],"replies":[{"embeddable":true,"href":"http:\/\/noticiastelered.com\/PortalDNoticias\/wp-json\/wp\/v2\/comments?post=80256"}],"version-history":[{"count":1,"href":"http:\/\/noticiastelered.com\/PortalDNoticias\/wp-json\/wp\/v2\/posts\/80256\/revisions"}],"predecessor-version":[{"id":80260,"href":"http:\/\/noticiastelered.com\/PortalDNoticias\/wp-json\/wp\/v2\/posts\/80256\/revisions\/80260"}],"wp:featuredmedia":[{"embeddable":true,"href":"http:\/\/noticiastelered.com\/PortalDNoticias\/wp-json\/wp\/v2\/media\/80259"}],"wp:attachment":[{"href":"http:\/\/noticiastelered.com\/PortalDNoticias\/wp-json\/wp\/v2\/media?parent=80256"}],"wp:term":[{"taxonomy":"category","embeddable":true,"href":"http:\/\/noticiastelered.com\/PortalDNoticias\/wp-json\/wp\/v2\/categories?post=80256"},{"taxonomy":"post_tag","embeddable":true,"href":"http:\/\/noticiastelered.com\/PortalDNoticias\/wp-json\/wp\/v2\/tags?post=80256"}],"curies":[{"name":"wp","href":"https:\/\/api.w.org\/{rel}","templated":true}]}}