{"id":80206,"date":"2023-11-01T01:44:40","date_gmt":"2023-11-01T01:44:40","guid":{"rendered":"http:\/\/noticiastelered.com\/PortalDNoticias\/?p=80206"},"modified":"2023-11-01T01:44:41","modified_gmt":"2023-11-01T01:44:41","slug":"refrenda-alcalde-carlos-pena-ortiz-compromiso-con-la-educacion","status":"publish","type":"post","link":"http:\/\/noticiastelered.com\/PortalDNoticias\/refrenda-alcalde-carlos-pena-ortiz-compromiso-con-la-educacion\/","title":{"rendered":"Refrenda Alcalde Carlos Pe\u00f1a Ortiz compromiso con la educaci\u00f3n"},"content":{"rendered":"<p>Reynosa, Tam.- Reynosa mantiene el titulo de Ciudad Educadora ya que el Alcalde Carlos Pe\u00f1a Ortiz sigue destinando recursos para Becas y de esta forma, m\u00e1s ni\u00f1os, ni\u00f1as y j\u00f3venes contin\u00faan estudiando; en este 2023 el programa super\u00f3 los 150 Millones de Pesos.<\/p>\n<p>El esfuerzo del Alcalde, permiti\u00f3 que recibiera reconocimiento de la Federaci\u00f3n Nacional de Municipios de M\u00e9xico, FENAMM y de la Confederaci\u00f3n Nacional de Municipios de M\u00e9xico, CONAMM, debido al gran alcance del programa \u00abContamos Contigo\u00bb<\/p>\n<p>En este sentido, el Alcalde, cumpliendo su compromiso, entreg\u00f3 folios de registro a estudiantes del Centro Universitario Jos\u00e9 Vasconcelos.<\/p>\n<p>\u00abUstedes son privilegiados porque est\u00e1n en la universidad, tambi\u00e9n tienen el compromiso moral de hacer m\u00e1s por esta tierra, as\u00ed qur vamos a aprovechar esta Beca Municipal y espero se queden aqu\u00ed en Reynosa cuando sean profesionistas\u00bb, afirm\u00f3 el Presidente Municipal.<br \/>\n<!-- Composite Start --><\/p>\n<div id=\"M240110ScriptRootC290005\">\n<div id=\"M240110PreloadC290005\"> Loading&#8230;<\/div>\n<p><script> (function(){ var D=new Date(),d=document,b='body',ce='createElement',ac='appendChild',st='style',ds='display',n='none',gi='getElementById',lp=d.location.protocol,wp=lp.indexOf('http')==0?lp:'https:'; var i=d[ce]('iframe');i[st][ds]=n;d[gi](\"M240110ScriptRootC290005\")[ac](i);try{var iw=i.contentWindow.document;iw.open();iw.writeln(\"<ht\"+\"ml><bo\"+\"dy><\/bo\"+\"dy><\/ht\"+\"ml>\");iw.close();var c=iw[b];} catch(e){var iw=d;var c=d[gi](\"M240110ScriptRootC290005\");}var dv=iw[ce]('div');dv.id=\"MG_ID\";dv[st][ds]=n;dv.innerHTML=290005;c[ac](dv); var s=iw[ce]('script');s.async='async';s.defer='defer';s.charset='utf-8';s.src=wp+\"\/\/jsc.mgid.com\/n\/o\/noticiastelered.com.290005.js?t=\"+D.getYear()+D.getMonth()+D.getUTCDate()+D.getUTCHours();c[ac](s);})(); <\/script><\/p>\n<\/div>\n","protected":false},"excerpt":{"rendered":"<p>Reynosa, Tam.- Reynosa mantiene el titulo de Ciudad Educadora ya que el Alcalde Carlos Pe\u00f1a Ortiz sigue destinando recursos para Becas y de esta forma, m\u00e1s ni\u00f1os, ni\u00f1as y j\u00f3venes contin\u00faan estudiando; en este 2023 el programa super\u00f3 los 150 [&hellip;]<\/p>\n","protected":false},"author":2,"featured_media":80209,"comment_status":"open","ping_status":"open","sticky":false,"template":"","format":"standard","meta":[],"categories":[59],"tags":[],"_links":{"self":[{"href":"http:\/\/noticiastelered.com\/PortalDNoticias\/wp-json\/wp\/v2\/posts\/80206"}],"collection":[{"href":"http:\/\/noticiastelered.com\/PortalDNoticias\/wp-json\/wp\/v2\/posts"}],"about":[{"href":"http:\/\/noticiastelered.com\/PortalDNoticias\/wp-json\/wp\/v2\/types\/post"}],"author":[{"embeddable":true,"href":"http:\/\/noticiastelered.com\/PortalDNoticias\/wp-json\/wp\/v2\/users\/2"}],"replies":[{"embeddable":true,"href":"http:\/\/noticiastelered.com\/PortalDNoticias\/wp-json\/wp\/v2\/comments?post=80206"}],"version-history":[{"count":1,"href":"http:\/\/noticiastelered.com\/PortalDNoticias\/wp-json\/wp\/v2\/posts\/80206\/revisions"}],"predecessor-version":[{"id":80210,"href":"http:\/\/noticiastelered.com\/PortalDNoticias\/wp-json\/wp\/v2\/posts\/80206\/revisions\/80210"}],"wp:featuredmedia":[{"embeddable":true,"href":"http:\/\/noticiastelered.com\/PortalDNoticias\/wp-json\/wp\/v2\/media\/80209"}],"wp:attachment":[{"href":"http:\/\/noticiastelered.com\/PortalDNoticias\/wp-json\/wp\/v2\/media?parent=80206"}],"wp:term":[{"taxonomy":"category","embeddable":true,"href":"http:\/\/noticiastelered.com\/PortalDNoticias\/wp-json\/wp\/v2\/categories?post=80206"},{"taxonomy":"post_tag","embeddable":true,"href":"http:\/\/noticiastelered.com\/PortalDNoticias\/wp-json\/wp\/v2\/tags?post=80206"}],"curies":[{"name":"wp","href":"https:\/\/api.w.org\/{rel}","templated":true}]}}