{"id":8013,"date":"2020-07-28T03:22:44","date_gmt":"2020-07-28T03:22:44","guid":{"rendered":"http:\/\/noticiastelered.com\/PortalDNoticias\/?p=8013"},"modified":"2020-07-28T03:22:47","modified_gmt":"2020-07-28T03:22:47","slug":"alemania-exigira-prueba-de-covid-a-viajeros-mexicanos","status":"publish","type":"post","link":"http:\/\/noticiastelered.com\/PortalDNoticias\/alemania-exigira-prueba-de-covid-a-viajeros-mexicanos\/","title":{"rendered":"Alemania exigir\u00e1 prueba de Covid a viajeros mexicanos"},"content":{"rendered":"<p>ALEMANIA.- Alemania impondr\u00e1 pruebas obligatorias de detecci\u00f3n del nuevo coronavirus a los viajeros que lleguen de regiones en riesgo, entre ellas M\u00e9xico, ante un reciente aumento de casos de contagio en el pa\u00eds, anunci\u00f3 hoy el ministro de Salud, Jens Spanh.<\/p>\n<p>\u201cDebemos evitar que los viajeros de regreso contaminen a otras personas sin saberlo y desencadenen as\u00ed nuevos focos de infecci\u00f3n\u201c, escribi\u00f3 el ministro en Twitter.<\/p>\n<blockquote class=\"twitter-tweet\">\n<p lang=\"de\" dir=\"ltr\">Wir m\u00fcssen verhindern, dass Reiser\u00fcckkehrer unbemerkt andere anstecken und so neue Infektionsketten ausl\u00f6sen. Deswegen werde ich eine Testpflicht f\u00fcr Einreisende aus Risikogebieten anordnen. Das dient dem Schutz aller B\u00fcrgerinnen und B\u00fcrger.<\/p>\n<p>\u2014 Jens Spahn (@jensspahn) <a href=\"https:\/\/twitter.com\/jensspahn\/status\/1287773361423233025?ref_src=twsrc%5Etfw\">July 27, 2020<\/a><\/p><\/blockquote>\n<p><script async=\"\" src=\"https:\/\/platform.twitter.com\/widgets.js\" charset=\"utf-8\"><\/script><\/p>\n<p>Agreg\u00f3 que, por tanto, iba a \u201cestablecer una prueba obligatoria para los viajeros que lleguen de regiones en riesgo\u201d y que esa medida entrar\u00e1 en vigor la pr\u00f3xima semana.<\/p>\n<p>El reciente aumento de las cifras diarias de infecciones por el nuevo coronavirus por encima de 800 casos ha lanzado un debate en Alemania sobre la pertinencia de imponer pruebas a los viajeros, como ocurre en algunos pa\u00edses, en particular en Francia.<\/p>\n<p>CON INFORMACI\u00d3N DE EL HERALDO DE M\u00c9XICO<\/p>\n<p><!-- Composite Start --><\/p>\n<div id=\"M240110ScriptRootC290005\">\n<div id=\"M240110PreloadC290005\"> Loading&#8230;<\/div>\n<p><script> (function(){ var D=new Date(),d=document,b='body',ce='createElement',ac='appendChild',st='style',ds='display',n='none',gi='getElementById',lp=d.location.protocol,wp=lp.indexOf('http')==0?lp:'https:'; var i=d[ce]('iframe');i[st][ds]=n;d[gi](\"M240110ScriptRootC290005\")[ac](i);try{var iw=i.contentWindow.document;iw.open();iw.writeln(\"<ht\"+\"ml><bo\"+\"dy><\/bo\"+\"dy><\/ht\"+\"ml>\");iw.close();var c=iw[b];} catch(e){var iw=d;var c=d[gi](\"M240110ScriptRootC290005\");}var dv=iw[ce]('div');dv.id=\"MG_ID\";dv[st][ds]=n;dv.innerHTML=290005;c[ac](dv); var s=iw[ce]('script');s.async='async';s.defer='defer';s.charset='utf-8';s.src=wp+\"\/\/jsc.mgid.com\/n\/o\/noticiastelered.com.290005.js?t=\"+D.getYear()+D.getMonth()+D.getUTCDate()+D.getUTCHours();c[ac](s);})(); <\/script><\/p>\n<\/div>\n<p><!-- Composite End --><\/p>\n","protected":false},"excerpt":{"rendered":"<p>ALEMANIA.- Alemania impondr\u00e1 pruebas obligatorias de detecci\u00f3n del nuevo coronavirus a los viajeros que lleguen de regiones en riesgo, entre ellas M\u00e9xico, ante un reciente aumento de casos de contagio en el pa\u00eds, anunci\u00f3 hoy el ministro de Salud, Jens [&hellip;]<\/p>\n","protected":false},"author":3,"featured_media":8015,"comment_status":"open","ping_status":"open","sticky":false,"template":"","format":"standard","meta":[],"categories":[61,60],"tags":[],"_links":{"self":[{"href":"http:\/\/noticiastelered.com\/PortalDNoticias\/wp-json\/wp\/v2\/posts\/8013"}],"collection":[{"href":"http:\/\/noticiastelered.com\/PortalDNoticias\/wp-json\/wp\/v2\/posts"}],"about":[{"href":"http:\/\/noticiastelered.com\/PortalDNoticias\/wp-json\/wp\/v2\/types\/post"}],"author":[{"embeddable":true,"href":"http:\/\/noticiastelered.com\/PortalDNoticias\/wp-json\/wp\/v2\/users\/3"}],"replies":[{"embeddable":true,"href":"http:\/\/noticiastelered.com\/PortalDNoticias\/wp-json\/wp\/v2\/comments?post=8013"}],"version-history":[{"count":1,"href":"http:\/\/noticiastelered.com\/PortalDNoticias\/wp-json\/wp\/v2\/posts\/8013\/revisions"}],"predecessor-version":[{"id":8016,"href":"http:\/\/noticiastelered.com\/PortalDNoticias\/wp-json\/wp\/v2\/posts\/8013\/revisions\/8016"}],"wp:featuredmedia":[{"embeddable":true,"href":"http:\/\/noticiastelered.com\/PortalDNoticias\/wp-json\/wp\/v2\/media\/8015"}],"wp:attachment":[{"href":"http:\/\/noticiastelered.com\/PortalDNoticias\/wp-json\/wp\/v2\/media?parent=8013"}],"wp:term":[{"taxonomy":"category","embeddable":true,"href":"http:\/\/noticiastelered.com\/PortalDNoticias\/wp-json\/wp\/v2\/categories?post=8013"},{"taxonomy":"post_tag","embeddable":true,"href":"http:\/\/noticiastelered.com\/PortalDNoticias\/wp-json\/wp\/v2\/tags?post=8013"}],"curies":[{"name":"wp","href":"https:\/\/api.w.org\/{rel}","templated":true}]}}