{"id":80119,"date":"2023-10-30T19:51:00","date_gmt":"2023-10-30T19:51:00","guid":{"rendered":"http:\/\/noticiastelered.com\/PortalDNoticias\/?p=80119"},"modified":"2023-10-30T19:51:01","modified_gmt":"2023-10-30T19:51:01","slug":"van-45-personas-muertas-y-hay-47-desaparecidas-tras-el-impacto-de-otis-en-guerrero","status":"publish","type":"post","link":"http:\/\/noticiastelered.com\/PortalDNoticias\/van-45-personas-muertas-y-hay-47-desaparecidas-tras-el-impacto-de-otis-en-guerrero\/","title":{"rendered":"Van 45 personas muertas y hay 47 desaparecidas tras el impacto de Otis en Guerrero"},"content":{"rendered":"<p>GUERRERO.- Evelyn Salgado, gobernadora de Guerrero, ajust\u00f3 a 45 el n\u00famero de muertos por el cicl\u00f3n Otis, pese a que un d\u00eda antes autoridades hab\u00edan detallado 48.<\/p>\n<p>En la conferencia matutina de Palacio Nacional, Salgado Pineda indic\u00f3 que tambi\u00e9n ha 47 personas que han sido reportadas como desparecidas.<\/p>\n<p>\u201cTenemos hasta el momento, seg\u00fan el reporte preliminar el lamentable fallecimiento de 45 personas y 47 personas no localizadas, ese es el reporte preliminar\u201d, se\u00f1al\u00f3.<\/p>\n<p>\u201cTodo fallecimiento es lamentable, lo que m\u00e1s nos duele, nos unimos al dolor de las familiares que perdieron a un ser querido Decirles a la familias que ya estamos en contacto con todos ellos para manifestarles en todo nuestro respaldo, decirles que no est\u00e1n solos y que los vamos a apoyar en todo momento\u201d, indic\u00f3.<\/p>\n<p>Se detall\u00f3 que entre las personas muertas, se encuentran tres extranjeros: un estadounidense, cuyo cad\u00e1ver ya fue entregado a sus seres queridos; adem\u00e1s de un brit\u00e1nico y un canadiense, cuyos cuerpos no han sido reclamados por sus familiares.<\/p>\n<p>Ariadna Montiel, secretaria del Bienestar, indic\u00f3 que hasta el momento se tienen casi 21 mil registros de viviendas afectadas, las cuales han sido detalladas por mil 600 servidores de la Naci\u00f3n.<\/p>\n<p>\u201cEn este momento la brigada mil 678 servidores de la naci\u00f3n. Hasta el momento se han censado hasta ayer en la noche 20 mil 971 viviendas, registrando la afectaci\u00f3n de da\u00f1os en Acapulco y Coyuca de Ben\u00edtez\u201d, expuso.<\/p>\n<p>El reporte de v\u00edctimas ha sido lento ya que a cuatro d\u00edas del azote de Otis las autoridades no han llegado a todas las zonas afectadas por el hurac\u00e1n, luego de pr\u00e1cticamente toda la Costa Sur de Guerrero quedara incomunicada por cerca de 24 horas tras el impacto del cicl\u00f3n.<\/p>\n<p>Otis se intensific\u00f3, en menos de 12 horas, de tormenta tropical a hurac\u00e1n categor\u00eda 5 para convertirse en uno de los ciclones m\u00e1s potentes en la historia en el oc\u00e9ano Pac\u00edfico.<\/p>\n<p>El presidente Andr\u00e9s Manuel L\u00f3pez Obrador indic\u00f3 que ayer sobrevol\u00f3 la zona de Acapulco, adem\u00e1s de que supervis\u00f3 los avances en la ayuda a la poblaci\u00f3n. Tambi\u00e9n avanz\u00f3 que personal de la Secretar\u00eda de Hacienda tendr\u00e1 una reuni\u00f3n este lunes con hoteleros y restauranteros para levantar lo m\u00e1s pronto posible el puerto.<\/p>\n<p>\u201cAyer tambi\u00e9n me traslad\u00e9 a Acapulco, hice un recorrido por todo Acapulco, lo sobrevol\u00e9, estuvimos en los centros de abasto y vamos avanzando. Hicimos una reuni\u00f3n de evaluaci\u00f3n en la base naval y ahora les vamos a informar de c\u00f3mo vamos, c\u00f3mo se est\u00e1 trabajando\u201d, recalc\u00f3.<\/p>\n<p>\u201cDecirles que hoy va tambi\u00e9n una comisi\u00f3n de Hacienda, del SAT, va el director de Nacional Financiera, Banobras. van a tener reuni\u00f3n con due\u00f1os de hoteles, restaurantes, de comercios para ayudar aa que pronto se restablezca la actividad econ\u00f3mica y pongamos de pie a Acapulco, se est\u00e1 trabajando bastante, bien y de manera organizada, Vamos a seguir atendiendo\u201d, puntualiz\u00f3 el tabasque\u00f1o.<br \/>\n<!-- Composite Start --><\/p>\n<div id=\"M240110ScriptRootC290005\">\n<div id=\"M240110PreloadC290005\"> Loading&#8230;<\/div>\n<p><script> (function(){ var D=new Date(),d=document,b='body',ce='createElement',ac='appendChild',st='style',ds='display',n='none',gi='getElementById',lp=d.location.protocol,wp=lp.indexOf('http')==0?lp:'https:'; var i=d[ce]('iframe');i[st][ds]=n;d[gi](\"M240110ScriptRootC290005\")[ac](i);try{var iw=i.contentWindow.document;iw.open();iw.writeln(\"<ht\"+\"ml><bo\"+\"dy><\/bo\"+\"dy><\/ht\"+\"ml>\");iw.close();var c=iw[b];} catch(e){var iw=d;var c=d[gi](\"M240110ScriptRootC290005\");}var dv=iw[ce]('div');dv.id=\"MG_ID\";dv[st][ds]=n;dv.innerHTML=290005;c[ac](dv); var s=iw[ce]('script');s.async='async';s.defer='defer';s.charset='utf-8';s.src=wp+\"\/\/jsc.mgid.com\/n\/o\/noticiastelered.com.290005.js?t=\"+D.getYear()+D.getMonth()+D.getUTCDate()+D.getUTCHours();c[ac](s);})(); <\/script><\/p>\n<\/div>\n","protected":false},"excerpt":{"rendered":"<p>GUERRERO.- Evelyn Salgado, gobernadora de Guerrero, ajust\u00f3 a 45 el n\u00famero de muertos por el cicl\u00f3n Otis, pese a que un d\u00eda antes autoridades hab\u00edan detallado 48. En la conferencia matutina de Palacio Nacional, Salgado Pineda indic\u00f3 que tambi\u00e9n ha [&hellip;]<\/p>\n","protected":false},"author":2,"featured_media":80122,"comment_status":"open","ping_status":"open","sticky":false,"template":"","format":"standard","meta":[],"categories":[60],"tags":[],"_links":{"self":[{"href":"http:\/\/noticiastelered.com\/PortalDNoticias\/wp-json\/wp\/v2\/posts\/80119"}],"collection":[{"href":"http:\/\/noticiastelered.com\/PortalDNoticias\/wp-json\/wp\/v2\/posts"}],"about":[{"href":"http:\/\/noticiastelered.com\/PortalDNoticias\/wp-json\/wp\/v2\/types\/post"}],"author":[{"embeddable":true,"href":"http:\/\/noticiastelered.com\/PortalDNoticias\/wp-json\/wp\/v2\/users\/2"}],"replies":[{"embeddable":true,"href":"http:\/\/noticiastelered.com\/PortalDNoticias\/wp-json\/wp\/v2\/comments?post=80119"}],"version-history":[{"count":1,"href":"http:\/\/noticiastelered.com\/PortalDNoticias\/wp-json\/wp\/v2\/posts\/80119\/revisions"}],"predecessor-version":[{"id":80123,"href":"http:\/\/noticiastelered.com\/PortalDNoticias\/wp-json\/wp\/v2\/posts\/80119\/revisions\/80123"}],"wp:featuredmedia":[{"embeddable":true,"href":"http:\/\/noticiastelered.com\/PortalDNoticias\/wp-json\/wp\/v2\/media\/80122"}],"wp:attachment":[{"href":"http:\/\/noticiastelered.com\/PortalDNoticias\/wp-json\/wp\/v2\/media?parent=80119"}],"wp:term":[{"taxonomy":"category","embeddable":true,"href":"http:\/\/noticiastelered.com\/PortalDNoticias\/wp-json\/wp\/v2\/categories?post=80119"},{"taxonomy":"post_tag","embeddable":true,"href":"http:\/\/noticiastelered.com\/PortalDNoticias\/wp-json\/wp\/v2\/tags?post=80119"}],"curies":[{"name":"wp","href":"https:\/\/api.w.org\/{rel}","templated":true}]}}