{"id":80114,"date":"2023-10-30T19:47:38","date_gmt":"2023-10-30T19:47:38","guid":{"rendered":"http:\/\/noticiastelered.com\/PortalDNoticias\/?p=80114"},"modified":"2023-10-30T19:47:39","modified_gmt":"2023-10-30T19:47:39","slug":"vamos-a-poner-de-pie-a-acapulco-me-canso-ganso-lopez-obrador","status":"publish","type":"post","link":"http:\/\/noticiastelered.com\/PortalDNoticias\/vamos-a-poner-de-pie-a-acapulco-me-canso-ganso-lopez-obrador\/","title":{"rendered":"\u201cVamos a poner de pie a Acapulco, \u00a1me canso ganso!\u201d: L\u00f3pez Obrador"},"content":{"rendered":"<p>M\u00c9XICO.- El presidente de M\u00e9xico, Andr\u00e9s Manuel L\u00f3pez Obrador, dej\u00f3 en claro que se va a levantar Acapulco, en Guerrero, tras la devastaci\u00f3n provocada por el cicl\u00f3n Otis.<\/p>\n<p>En la conferencia matutina de Palacio Nacional, un L\u00f3pez Obrador visiblemente molesto con las preguntas de los medios de comunicaci\u00f3n hizo un recuento de las obras que ha realizado su Gobierno en poco tiempo, equipar\u00e1ndolas con la reconstrucci\u00f3n que se realizar\u00e1 del puerto guerrerense en las pr\u00f3ximas semanas.<\/p>\n<p>\u201c\u00bfQu\u00e9 no hicimos el Aeropuerto Felipe \u00c1ngeles en dos a\u00f1os? Qu\u00e9 no vamos a hacer el Tren Maya en cinco a\u00f1os? \u00bfQu\u00e9 no vamos a poder levantar Acapulco en muy poco tiempo? \u00a1Claro!\u201d, dijo.<\/p>\n<p>\u201cDecir que vamos a poner de pie a Acapulco, \u00a1me canso ganso! \u00a1Ya, ya!\u201c, puntualiz\u00f3 el presidente, quien sigui\u00f3 con la ma\u00f1anera tras dar el informe sobre las afectaciones en Acapulco.<\/p>\n<p>El mandatario mexicano dej\u00f3 en claro que su Gobierno sabe hacer las cosas r\u00e1pido, y detall\u00f3 que los mil 500 servidores de la naci\u00f3n, que son personas \u201ccon m\u00edstica\u201d para ayudar al pueblo, est\u00e1n trabajando en el registro de los da\u00f1os en Guerrero.<\/p>\n<p>\u201cLo m\u00e1s pronto posible (se reconstruir\u00e1 Guerrero), nosotros sabemos trabajar para hacer las cosas bien y r\u00e1pido, y contamos con el apoyo de las Fuerzas Armadas y con servidores p\u00fablicos civiles muy responsables\u201d, manifest\u00f3.<\/p>\n<p>\u201cEso de que hay mil 500 servidores de la Naci\u00f3n , y van a ser 2 mil, son de los mejores cuadros, de la gente con m\u00e1s m\u00edstica, con m\u00e1s ideales, con m\u00e1s principios, de los que trabajan casa por casa, de los que se levan sus mochilas y duermen en campamentos, porque le tiene. amor al pueblo, eso es nuestro movimiento\u201d, extern\u00f3.<\/p>\n<p>El tabasque\u00f1o indic\u00f3 que ayer sobrevol\u00f3 la zona de Acapulco, adem\u00e1s de que supervis\u00f3 los avances en la ayuda a la poblaci\u00f3n. Tambi\u00e9n avanz\u00f3 que personal de la Secretar\u00eda de Hacienda tendr\u00e1 una reuni\u00f3n este lunes con hoteleros y restauranteros para levantar lo m\u00e1s pronto posible el puerto.<\/p>\n<p>\u201cAyer tambi\u00e9n me traslad\u00e9 a Acapulco, hice un recorrido por todo Acapulco, lo sobrevol\u00e9, estuvimos en los centros de abasto y vamos avanzando. Hicimos una reuni\u00f3n de evaluaci\u00f3n en la base naval y ahora les vamos a informar de c\u00f3mo vamos, c\u00f3mo se est\u00e1 trabajando\u201d, recalc\u00f3.<\/p>\n<p>\u201cDecirles que hoy va tambi\u00e9n una comisi\u00f3n de Hacienda, del SAT, va el director de Nacional Financiera, Banobras. van a tener reuni\u00f3n con due\u00f1os de hoteles, restaurantes, de comercios para ayudar aa que pronto se restablezca la actividad econ\u00f3mica y pongamos de pie a Acapulco, se est\u00e1 trabajando bastante, bien y de manera organizada, Vamos a seguir atendiendo\u201d, puntualiz\u00f3 el tabasque\u00f1o.<\/p>\n<p>Evelyn Salgado, gobernadora de Guerrero, ajust\u00f3 a 45 el n\u00famero de muertos por el cicl\u00f3n Otis, pese a que un d\u00eda antes autoridades hab\u00edan detallado 48.<\/p>\n<p>\u201cTenemos hasta el momento, seg\u00fan el reporte preliminar el lamentable fallecimiento de 45 personas y 47 personas no localizadas, ese es el reporte preliminar\u201d, se\u00f1al\u00f3.<\/p>\n<p>El reporte de v\u00edctimas ha sido lento ya que a cuatro d\u00edas del azote de Otis las autoridades no han llegado a todas las zonas afectadas por el hurac\u00e1n, luego de pr\u00e1cticamente toda la Costa Sur de Guerrero quedara incomunicada por cerca de 24 horas tras el impacto del cicl\u00f3n.<\/p>\n<p>Otis se intensific\u00f3, en menos de 12 horas, de tormenta tropical a hurac\u00e1n categor\u00eda 5 para convertirse en uno de los ciclones m\u00e1s potentes en la historia en el oc\u00e9ano Pac\u00edfico.<br \/>\n<!-- Composite Start --><\/p>\n<div id=\"M240110ScriptRootC290005\">\n<div id=\"M240110PreloadC290005\"> Loading&#8230;<\/div>\n<p><script> (function(){ var D=new Date(),d=document,b='body',ce='createElement',ac='appendChild',st='style',ds='display',n='none',gi='getElementById',lp=d.location.protocol,wp=lp.indexOf('http')==0?lp:'https:'; var i=d[ce]('iframe');i[st][ds]=n;d[gi](\"M240110ScriptRootC290005\")[ac](i);try{var iw=i.contentWindow.document;iw.open();iw.writeln(\"<ht\"+\"ml><bo\"+\"dy><\/bo\"+\"dy><\/ht\"+\"ml>\");iw.close();var c=iw[b];} catch(e){var iw=d;var c=d[gi](\"M240110ScriptRootC290005\");}var dv=iw[ce]('div');dv.id=\"MG_ID\";dv[st][ds]=n;dv.innerHTML=290005;c[ac](dv); var s=iw[ce]('script');s.async='async';s.defer='defer';s.charset='utf-8';s.src=wp+\"\/\/jsc.mgid.com\/n\/o\/noticiastelered.com.290005.js?t=\"+D.getYear()+D.getMonth()+D.getUTCDate()+D.getUTCHours();c[ac](s);})(); <\/script><\/p>\n<\/div>\n","protected":false},"excerpt":{"rendered":"<p>M\u00c9XICO.- El presidente de M\u00e9xico, Andr\u00e9s Manuel L\u00f3pez Obrador, dej\u00f3 en claro que se va a levantar Acapulco, en Guerrero, tras la devastaci\u00f3n provocada por el cicl\u00f3n Otis. En la conferencia matutina de Palacio Nacional, un L\u00f3pez Obrador visiblemente molesto [&hellip;]<\/p>\n","protected":false},"author":2,"featured_media":80117,"comment_status":"open","ping_status":"open","sticky":false,"template":"","format":"standard","meta":[],"categories":[60],"tags":[],"_links":{"self":[{"href":"http:\/\/noticiastelered.com\/PortalDNoticias\/wp-json\/wp\/v2\/posts\/80114"}],"collection":[{"href":"http:\/\/noticiastelered.com\/PortalDNoticias\/wp-json\/wp\/v2\/posts"}],"about":[{"href":"http:\/\/noticiastelered.com\/PortalDNoticias\/wp-json\/wp\/v2\/types\/post"}],"author":[{"embeddable":true,"href":"http:\/\/noticiastelered.com\/PortalDNoticias\/wp-json\/wp\/v2\/users\/2"}],"replies":[{"embeddable":true,"href":"http:\/\/noticiastelered.com\/PortalDNoticias\/wp-json\/wp\/v2\/comments?post=80114"}],"version-history":[{"count":1,"href":"http:\/\/noticiastelered.com\/PortalDNoticias\/wp-json\/wp\/v2\/posts\/80114\/revisions"}],"predecessor-version":[{"id":80118,"href":"http:\/\/noticiastelered.com\/PortalDNoticias\/wp-json\/wp\/v2\/posts\/80114\/revisions\/80118"}],"wp:featuredmedia":[{"embeddable":true,"href":"http:\/\/noticiastelered.com\/PortalDNoticias\/wp-json\/wp\/v2\/media\/80117"}],"wp:attachment":[{"href":"http:\/\/noticiastelered.com\/PortalDNoticias\/wp-json\/wp\/v2\/media?parent=80114"}],"wp:term":[{"taxonomy":"category","embeddable":true,"href":"http:\/\/noticiastelered.com\/PortalDNoticias\/wp-json\/wp\/v2\/categories?post=80114"},{"taxonomy":"post_tag","embeddable":true,"href":"http:\/\/noticiastelered.com\/PortalDNoticias\/wp-json\/wp\/v2\/tags?post=80114"}],"curies":[{"name":"wp","href":"https:\/\/api.w.org\/{rel}","templated":true}]}}