{"id":80104,"date":"2023-10-30T19:44:05","date_gmt":"2023-10-30T19:44:05","guid":{"rendered":"http:\/\/noticiastelered.com\/PortalDNoticias\/?p=80104"},"modified":"2023-10-30T19:44:06","modified_gmt":"2023-10-30T19:44:06","slug":"apio-quijano-revela-que-sufria-bullying-por-ser-femenino","status":"publish","type":"post","link":"http:\/\/noticiastelered.com\/PortalDNoticias\/apio-quijano-revela-que-sufria-bullying-por-ser-femenino\/","title":{"rendered":"Apio Quijano revela que sufr\u00eda bullying por ser femenino"},"content":{"rendered":"<p>Apio Quijano salt\u00f3 a la fama gracias a que es uno de los integrantes de Kabah, pero antes de ser famoso, el cantante sufri\u00f3 de bullying en su escuela debido a la manera en la que se comportaba, que para muchos era muy femenina.<\/p>\n<p>En entrevista con Yordi Rosado, Apio Quijano record\u00f3 que en su ni\u00f1ez sufr\u00eda de bullying por parte de sus compa\u00f1eros de la escuela.<\/p>\n<p>\u201cSiempre he sido un ni\u00f1o femenino y me cost\u00f3 trabajo aceptarlo porque mi entorno era muy machista, pero as\u00ed nac\u00ed. As\u00ed soy desde el minuto uno.<\/p>\n<p>En la pl\u00e1tica, la hermana de Apio, Federica Quijano, dijo que el cantante ten\u00eda mucho miedo de entrar a la escuela.<\/p>\n<p>\u201cSe escond\u00eda debajo de mi coche para no entrar a la escuela\u201d, se\u00f1al\u00f3 la cantante.<\/p>\n<p>Apio Quijano dijo que el bullying lo oblig\u00f3 a no ser abierto en cuanto a su vida privada e incluso record\u00f3 que cuando ya estaba en Kabah tambi\u00e9n le dec\u00edan c\u00f3mo ten\u00eda que comportarse para no verse femenino.<\/p>\n<p>\u201cEn ese tiempo hablar de la sexualidad de un ni\u00f1o era s\u00faper tachado y a pesar de estar en el mismo grupo y que nos apapach\u00e1bamos, el medio era muy juicioso de que tienes que verte as\u00ed, cantar as\u00ed y creo que eso reprimi\u00f3 parte de mi vida personal hasta ahora en La Casa de los Famosos\u201d.<\/p>\n<p>As\u00ed surgi\u00f3 el sobrenombre de Apio<br \/>\nEl cantante en la entrevista habl\u00f3 sobre c\u00f3mo surgi\u00f3 su apodo, Apio, con el que ha sido mayormente conocido desde que salt\u00f3 a la fama con Kabah.<\/p>\n<p>El cantante coment\u00f3 que el sobrenombre surgi\u00f3 desde que era u ni\u00f1o gracias a su hermana Federica.<\/p>\n<p>\u201cMi hermana y yo de chiquitos, yo estaba muy delgado con el pelo chino y un d\u00eda me molest\u00f3 Fede diciendo que ten\u00eda cara de apio y yo le dije que ten\u00eda cara de ch\u00edcharo, pero a m\u00ed de pronto que chistoso apio. No me parec\u00eda, pero despu\u00e9s se me qued\u00f3 lo del apio\u201d.<br \/>\n<!-- Composite Start --><\/p>\n<div id=\"M240110ScriptRootC290005\">\n<div id=\"M240110PreloadC290005\"> Loading&#8230;<\/div>\n<p><script> (function(){ var D=new Date(),d=document,b='body',ce='createElement',ac='appendChild',st='style',ds='display',n='none',gi='getElementById',lp=d.location.protocol,wp=lp.indexOf('http')==0?lp:'https:'; var i=d[ce]('iframe');i[st][ds]=n;d[gi](\"M240110ScriptRootC290005\")[ac](i);try{var iw=i.contentWindow.document;iw.open();iw.writeln(\"<ht\"+\"ml><bo\"+\"dy><\/bo\"+\"dy><\/ht\"+\"ml>\");iw.close();var c=iw[b];} catch(e){var iw=d;var c=d[gi](\"M240110ScriptRootC290005\");}var dv=iw[ce]('div');dv.id=\"MG_ID\";dv[st][ds]=n;dv.innerHTML=290005;c[ac](dv); var s=iw[ce]('script');s.async='async';s.defer='defer';s.charset='utf-8';s.src=wp+\"\/\/jsc.mgid.com\/n\/o\/noticiastelered.com.290005.js?t=\"+D.getYear()+D.getMonth()+D.getUTCDate()+D.getUTCHours();c[ac](s);})(); <\/script><\/p>\n<\/div>\n","protected":false},"excerpt":{"rendered":"<p>Apio Quijano salt\u00f3 a la fama gracias a que es uno de los integrantes de Kabah, pero antes de ser famoso, el cantante sufri\u00f3 de bullying en su escuela debido a la manera en la que se comportaba, que para [&hellip;]<\/p>\n","protected":false},"author":2,"featured_media":80107,"comment_status":"open","ping_status":"open","sticky":false,"template":"","format":"standard","meta":[],"categories":[66],"tags":[],"_links":{"self":[{"href":"http:\/\/noticiastelered.com\/PortalDNoticias\/wp-json\/wp\/v2\/posts\/80104"}],"collection":[{"href":"http:\/\/noticiastelered.com\/PortalDNoticias\/wp-json\/wp\/v2\/posts"}],"about":[{"href":"http:\/\/noticiastelered.com\/PortalDNoticias\/wp-json\/wp\/v2\/types\/post"}],"author":[{"embeddable":true,"href":"http:\/\/noticiastelered.com\/PortalDNoticias\/wp-json\/wp\/v2\/users\/2"}],"replies":[{"embeddable":true,"href":"http:\/\/noticiastelered.com\/PortalDNoticias\/wp-json\/wp\/v2\/comments?post=80104"}],"version-history":[{"count":1,"href":"http:\/\/noticiastelered.com\/PortalDNoticias\/wp-json\/wp\/v2\/posts\/80104\/revisions"}],"predecessor-version":[{"id":80108,"href":"http:\/\/noticiastelered.com\/PortalDNoticias\/wp-json\/wp\/v2\/posts\/80104\/revisions\/80108"}],"wp:featuredmedia":[{"embeddable":true,"href":"http:\/\/noticiastelered.com\/PortalDNoticias\/wp-json\/wp\/v2\/media\/80107"}],"wp:attachment":[{"href":"http:\/\/noticiastelered.com\/PortalDNoticias\/wp-json\/wp\/v2\/media?parent=80104"}],"wp:term":[{"taxonomy":"category","embeddable":true,"href":"http:\/\/noticiastelered.com\/PortalDNoticias\/wp-json\/wp\/v2\/categories?post=80104"},{"taxonomy":"post_tag","embeddable":true,"href":"http:\/\/noticiastelered.com\/PortalDNoticias\/wp-json\/wp\/v2\/tags?post=80104"}],"curies":[{"name":"wp","href":"https:\/\/api.w.org\/{rel}","templated":true}]}}