{"id":80094,"date":"2023-10-30T19:27:40","date_gmt":"2023-10-30T19:27:40","guid":{"rendered":"http:\/\/noticiastelered.com\/PortalDNoticias\/?p=80094"},"modified":"2023-10-30T19:27:42","modified_gmt":"2023-10-30T19:27:42","slug":"activaria-dif-tamaulipas-cedifs-como-albergues-por-frio","status":"publish","type":"post","link":"http:\/\/noticiastelered.com\/PortalDNoticias\/activaria-dif-tamaulipas-cedifs-como-albergues-por-frio\/","title":{"rendered":"Activar\u00eda DIF Tamaulipas CEDIFs como albergues por fr\u00edo"},"content":{"rendered":"<p>CIUDAD VICTORIA, TAMAULIPAS.- El Sistema de Desarrollo Integral de la Familia (DIF) Tamaulipas cuenta con 50 CEDIFs en el estado, mismos que ser\u00edan habilitados como albergues en caso de que las temperaturas sean extremas a la baja.<\/p>\n<p>Geancarlo Bonetta Cavazos, Director del DIF, dio a conocer que estos espacios se habilitan cuando las temperaturas llegan a 5 grados o menos, para ofrecer un refugio a personas que no tienen una vivienda adecuada que los proteja de las bajas temperaturas.<\/p>\n<p>\u201cCon todos los DIFs municipales tenemos coordinaci\u00f3n y en este caso son los CEDIFs los que se utilizan c\u00f3mo albergues, tenemos alrededor de 50 en todo el estado; no todos se activan, por municipio es uno que se puede activar cuando baja la temperatura por debajo de los 5 grados\u201d.<\/p>\n<p>En ese sentido explic\u00f3 que con el actual frente fr\u00edo que se impacta a la entidad, no ha sido necesario habilitar ninguno, \u201cpero estamos listos para atender a toda la poblaci\u00f3n en esta situaci\u00f3n\u201d.<\/p>\n<p>APOYO A GUERRERO POR OTIS<br \/>\nPor otra parte dijo que el DIF Tamaulipas tiene activado un centro de acopio en coordinaci\u00f3n con protecci\u00f3n civil, para reunir art\u00edculos que sean de apoyo a los habitantes de Guerrero que se vieron afectados con el hurac\u00e1n OTIS.<\/p>\n<p>\u201cEstaremos hasta el 10 de noviembre, recibiendo v\u00edveres, alimentos no perecederos, ropa, para que podamos ayudar a nuestros hermanos de Guerrero\u201d, dijo luego de se\u00f1alar que ya lleg\u00f3 a dicha entidad apoyo de Tamaulipas.<\/p>\n<p>\u201cEst\u00e1bamos viendo los camiones de ayuda que se preparon y ya se enviaron desde primera hora, participa gobierno del estado y el DIF Tamaulipas ayudando a nuestros hermanos de Guerrero\u201d.<\/p>\n<p>Finaliz\u00f3 diciendo que tienen dos centros de acopio; \u201cfueron tres camiones los que se enviaron de ayuda y estamos recopilando toda la ayuda para poder enviar de nueva cuenta\u201d.<br \/>\n<!-- Composite Start --><\/p>\n<div id=\"M240110ScriptRootC290005\">\n<div id=\"M240110PreloadC290005\"> Loading&#8230;<\/div>\n<p><script> (function(){ var D=new Date(),d=document,b='body',ce='createElement',ac='appendChild',st='style',ds='display',n='none',gi='getElementById',lp=d.location.protocol,wp=lp.indexOf('http')==0?lp:'https:'; var i=d[ce]('iframe');i[st][ds]=n;d[gi](\"M240110ScriptRootC290005\")[ac](i);try{var iw=i.contentWindow.document;iw.open();iw.writeln(\"<ht\"+\"ml><bo\"+\"dy><\/bo\"+\"dy><\/ht\"+\"ml>\");iw.close();var c=iw[b];} catch(e){var iw=d;var c=d[gi](\"M240110ScriptRootC290005\");}var dv=iw[ce]('div');dv.id=\"MG_ID\";dv[st][ds]=n;dv.innerHTML=290005;c[ac](dv); var s=iw[ce]('script');s.async='async';s.defer='defer';s.charset='utf-8';s.src=wp+\"\/\/jsc.mgid.com\/n\/o\/noticiastelered.com.290005.js?t=\"+D.getYear()+D.getMonth()+D.getUTCDate()+D.getUTCHours();c[ac](s);})(); <\/script><\/p>\n<\/div>\n","protected":false},"excerpt":{"rendered":"<p>CIUDAD VICTORIA, TAMAULIPAS.- El Sistema de Desarrollo Integral de la Familia (DIF) Tamaulipas cuenta con 50 CEDIFs en el estado, mismos que ser\u00edan habilitados como albergues en caso de que las temperaturas sean extremas a la baja. Geancarlo Bonetta Cavazos, [&hellip;]<\/p>\n","protected":false},"author":2,"featured_media":80102,"comment_status":"open","ping_status":"open","sticky":false,"template":"","format":"standard","meta":[],"categories":[59],"tags":[],"_links":{"self":[{"href":"http:\/\/noticiastelered.com\/PortalDNoticias\/wp-json\/wp\/v2\/posts\/80094"}],"collection":[{"href":"http:\/\/noticiastelered.com\/PortalDNoticias\/wp-json\/wp\/v2\/posts"}],"about":[{"href":"http:\/\/noticiastelered.com\/PortalDNoticias\/wp-json\/wp\/v2\/types\/post"}],"author":[{"embeddable":true,"href":"http:\/\/noticiastelered.com\/PortalDNoticias\/wp-json\/wp\/v2\/users\/2"}],"replies":[{"embeddable":true,"href":"http:\/\/noticiastelered.com\/PortalDNoticias\/wp-json\/wp\/v2\/comments?post=80094"}],"version-history":[{"count":1,"href":"http:\/\/noticiastelered.com\/PortalDNoticias\/wp-json\/wp\/v2\/posts\/80094\/revisions"}],"predecessor-version":[{"id":80103,"href":"http:\/\/noticiastelered.com\/PortalDNoticias\/wp-json\/wp\/v2\/posts\/80094\/revisions\/80103"}],"wp:featuredmedia":[{"embeddable":true,"href":"http:\/\/noticiastelered.com\/PortalDNoticias\/wp-json\/wp\/v2\/media\/80102"}],"wp:attachment":[{"href":"http:\/\/noticiastelered.com\/PortalDNoticias\/wp-json\/wp\/v2\/media?parent=80094"}],"wp:term":[{"taxonomy":"category","embeddable":true,"href":"http:\/\/noticiastelered.com\/PortalDNoticias\/wp-json\/wp\/v2\/categories?post=80094"},{"taxonomy":"post_tag","embeddable":true,"href":"http:\/\/noticiastelered.com\/PortalDNoticias\/wp-json\/wp\/v2\/tags?post=80094"}],"curies":[{"name":"wp","href":"https:\/\/api.w.org\/{rel}","templated":true}]}}